{"id":220348,"date":"2024-11-01T00:30:44","date_gmt":"2024-10-31T23:30:44","guid":{"rendered":"https:\/\/www.messinaoggi.it\/website\/2024\/11\/29\/schifani-incontra-lad-di-pelligra-italia-per-progetto-rinascita-di-termini-imerese\/"},"modified":"2024-12-01T12:08:23","modified_gmt":"2024-12-01T11:08:23","slug":"schifani-incontra-lad-di-pelligra-italia-per-progetto-rinascita-di-termini-imerese","status":"publish","type":"post","link":"https:\/\/www.messinaoggi.it\/website\/2024\/11\/01\/schifani-incontra-lad-di-pelligra-italia-per-progetto-rinascita-di-termini-imerese\/","title":{"rendered":"Schifani incontra l\u2019ad di Pelligra Italia, \u201cPer progetto rinascita di Termini Imerese\u201d"},"content":{"rendered":"<div>\n<p>PALERMO (ITALPRESS) \u2013 Il futuro dell\u2019area industriale di Termini Imerese come polo manifatturiero, industriale e commerciale, \u00e8 stato al centro dell\u2019incontro che si \u00e8 svolto questa mattina a Palazzo d\u2019Orl\u00e8ans, a Palermo, tra il presidente della Regione Siciliana, Renato Schifani, e l\u2019amministratore delegato di Pelligra Italia Holding, Giovanni Caniglia. E\u2019 quanto si legge in una nota della Regione.<br \/>\u201cDopo il completamento della vendita dell\u2019ex stabilimento Blutec al gruppo Pelligra \u2013 commenta Schifani \u2013 passiamo adesso alla fase operativa, quella che restituir\u00e0 nuova vita a un territorio fondamentale per lo sviluppo economico di tutta l\u2019Isola. L\u2019intervento congiunto di governo regionale e nazionale ha consentito di salvaguardare tutti i lavoratori che adesso potranno tornare a produrre, contando su solide prospettive per il futuro. Il nostro impegno \u00e8 quello di restare vigili e attenti affinch\u00e8 il progetto di rinascita di Termini Imerese continui e porti ai risultati previsti\u201d.<br \/>Il piano presentato da Pelligra Italia, societ\u00e0 con ampia esperienza nella riqualificazione delle aree industriali, \u00e8 stato valutato dal ministero delle Imprese come il pi\u00f9 idoneo a valorizzare l\u2019area di Termini Imerese, sottolinea la nota.<br \/>\u201cL\u2019incontro di oggi \u2013 dichiara Caniglia \u2013 rappresenta un momento di confronto essenziale per lo sviluppo di un progetto che, sono convinto, rappresenta un\u2019opportunit\u00e0 sia di crescita per la Sicilia sia occupazionale per le future generazioni. Si tratta di un progetto che mira a trasformare lo stabilimento di Termini Imerese in un punto di riferimento per tutto il Mediterraneo. Obiettivo che sar\u00e0 possibile realizzare solo con la piena condivisione del territorio e delle Istituzioni\u201d.<br \/>\u2013 foto ufficio stampa Regione siciliana, da sinistra Renato Schifani e Giovanni Caniglia \u2013<br \/>(ITALPRESS).<div id=\"div-gpt-ad-Messinaoggi.it-DSK-300x250-corpoart\" style=\"text-align:center;margin:0 auto;\"><\/div><\/p>\n<\/div>\n<div id=\"videoincontent\" style=\"clear:both\";><\/div>","protected":false},"excerpt":{"rendered":"<p>PALERMO (ITALPRESS) \u2013 Il futuro dell\u2019area industriale di Termini Imerese come polo manifatturiero, industriale e commerciale, \u00e8 stato al centro dell\u2019incontro che si \u00e8 svolto questa mattina a Palazzo d\u2019Orl\u00e8ans, a Palermo, tra il presidente della Regione Siciliana, Renato Schifani, e l\u2019amministratore delegato di Pelligra Italia Holding, Giovanni Caniglia. E\u2019 quanto si legge in una [&hellip;]<\/p>\n","protected":false},"author":18,"featured_media":220349,"comment_status":"closed","ping_status":"closed","sticky":false,"template":"","format":"standard","meta":{"ub_ctt_via":"","_mi_skip_tracking":false},"categories":[11,2449],"tags":[783],"featured_image_src":"https:\/\/www.messinaoggi.it\/website\/wp-content\/uploads\/2024\/11\/20241129_1259.jpg","author_info":{"display_name":"Admin","author_link":"https:\/\/www.messinaoggi.it\/website\/author\/admin\/"},"digistream_id":0,"digistream":false,"_links":{"self":[{"href":"https:\/\/www.messinaoggi.it\/website\/wp-json\/wp\/v2\/posts\/220348"}],"collection":[{"href":"https:\/\/www.messinaoggi.it\/website\/wp-json\/wp\/v2\/posts"}],"about":[{"href":"https:\/\/www.messinaoggi.it\/website\/wp-json\/wp\/v2\/types\/post"}],"author":[{"embeddable":true,"href":"https:\/\/www.messinaoggi.it\/website\/wp-json\/wp\/v2\/users\/18"}],"replies":[{"embeddable":true,"href":"https:\/\/www.messinaoggi.it\/website\/wp-json\/wp\/v2\/comments?post=220348"}],"version-history":[{"count":1,"href":"https:\/\/www.messinaoggi.it\/website\/wp-json\/wp\/v2\/posts\/220348\/revisions"}],"predecessor-version":[{"id":220364,"href":"https:\/\/www.messinaoggi.it\/website\/wp-json\/wp\/v2\/posts\/220348\/revisions\/220364"}],"wp:featuredmedia":[{"embeddable":true,"href":"https:\/\/www.messinaoggi.it\/website\/wp-json\/wp\/v2\/media\/220349"}],"wp:attachment":[{"href":"https:\/\/www.messinaoggi.it\/website\/wp-json\/wp\/v2\/media?parent=220348"}],"wp:term":[{"taxonomy":"category","embeddable":true,"href":"https:\/\/www.messinaoggi.it\/website\/wp-json\/wp\/v2\/categories?post=220348"},{"taxonomy":"post_tag","embeddable":true,"href":"https:\/\/www.messinaoggi.it\/website\/wp-json\/wp\/v2\/tags?post=220348"}],"curies":[{"name":"wp","href":"https:\/\/api.w.org\/{rel}","templated":true}]}}