{"id":220345,"date":"2024-11-29T16:31:56","date_gmt":"2024-11-29T15:31:56","guid":{"rendered":"http:\/\/www.messinaoggi.it\/website\/?p=220345"},"modified":"2024-11-29T16:32:03","modified_gmt":"2024-11-29T15:32:03","slug":"sciotto-denuncia-censurato-dallasp-sul-profilo-social","status":"publish","type":"post","link":"https:\/\/www.messinaoggi.it\/website\/2024\/11\/29\/sciotto-denuncia-censurato-dallasp-sul-profilo-social\/","title":{"rendered":"Sciotto denuncia: &#8220;Censurato dall&#8217;Asp sul profilo Social&#8221;"},"content":{"rendered":"\n<p>\u00abDenuncio con forza un fatto di estrema gravit\u00e0: i miei commenti, pubblicati pi\u00f9 volte su un post ufficiale dell\u2019Azienda Sanitaria Provinciale di Messina, sono stati sistematicamente rimossi. \u00c8 sconcertante che ci\u00f2 avvenga nei confronti di un deputato del parlamento regionale, ma ancora pi\u00f9 grave \u00e8 che questo comportamento rappresenti una violazione della libert\u00e0 di espressione e un colpo alla trasparenza che ogni ente pubblico dovrebbe garantire\u00bb.<br>Lo dichiara l\u2019On. Matteo Sciotto, commentando l\u2019episodio che lo ha visto vittima di una chiara azione di censura da parte di un ente che, per sua natura, dovrebbe essere aperto al dialogo e al confronto con i cittadini e le istituzioni.<br>\u00abIl mio commento \u2013 prosegue Sciotto \u2013 era del tutto rispettoso, non conteneva offese e si limitava a porre una legittima richiesta di chiarimenti su una questione di interesse pubblico. Questo atteggiamento di rimozione sistematica \u00e8 non solo inaccettabile, ma anche sintomatico di una gestione padronale e opaca della comunicazione da parte dell\u2019ASP di Messina\u00bb.<br>Sciotto sottolinea l\u2019importanza di fare immediata chiarezza sull\u2019episodio: \u00abNon \u00e8 tollerabile che un ente pubblico, finanziato con risorse pubbliche e chiamato a rispondere ai cittadini, adotti pratiche che minano il diritto alla libert\u00e0 di parola e la democrazia stessa. Pretendo che l\u2019ASP spieghi le ragioni di questa condotta e che siano presi provvedimenti per evitare il ripetersi di simili comportamenti\u00bb.<div id=\"div-gpt-ad-Messinaoggi.it-DSK-300x250-corpoart\" style=\"text-align:center;margin:0 auto;\"><\/div><\/p>\n<div id=\"videoincontent\" style=\"clear:both\";><\/div>","protected":false},"excerpt":{"rendered":"<p>\u00abDenuncio con forza un fatto di estrema gravit\u00e0: i miei commenti, pubblicati pi\u00f9 volte su un post ufficiale dell\u2019Azienda Sanitaria Provinciale di Messina, sono stati sistematicamente rimossi. \u00c8 sconcertante che ci\u00f2 avvenga nei confronti di un deputato del parlamento regionale, ma ancora pi\u00f9 grave \u00e8 che questo comportamento rappresenti una violazione della libert\u00e0 di espressione [&hellip;]<\/p>\n","protected":false},"author":2,"featured_media":165714,"comment_status":"open","ping_status":"open","sticky":false,"template":"","format":"standard","meta":{"ub_ctt_via":"","_mi_skip_tracking":false},"categories":[5],"tags":[40,10993,6684],"featured_image_src":"https:\/\/www.messinaoggi.it\/website\/wp-content\/uploads\/2023\/08\/Matteo-Sciotto.jpg","author_info":{"display_name":"Redazione","author_link":"https:\/\/www.messinaoggi.it\/website\/author\/redazione\/"},"digistream_id":0,"digistream":false,"_links":{"self":[{"href":"https:\/\/www.messinaoggi.it\/website\/wp-json\/wp\/v2\/posts\/220345"}],"collection":[{"href":"https:\/\/www.messinaoggi.it\/website\/wp-json\/wp\/v2\/posts"}],"about":[{"href":"https:\/\/www.messinaoggi.it\/website\/wp-json\/wp\/v2\/types\/post"}],"author":[{"embeddable":true,"href":"https:\/\/www.messinaoggi.it\/website\/wp-json\/wp\/v2\/users\/2"}],"replies":[{"embeddable":true,"href":"https:\/\/www.messinaoggi.it\/website\/wp-json\/wp\/v2\/comments?post=220345"}],"version-history":[{"count":1,"href":"https:\/\/www.messinaoggi.it\/website\/wp-json\/wp\/v2\/posts\/220345\/revisions"}],"predecessor-version":[{"id":220352,"href":"https:\/\/www.messinaoggi.it\/website\/wp-json\/wp\/v2\/posts\/220345\/revisions\/220352"}],"wp:featuredmedia":[{"embeddable":true,"href":"https:\/\/www.messinaoggi.it\/website\/wp-json\/wp\/v2\/media\/165714"}],"wp:attachment":[{"href":"https:\/\/www.messinaoggi.it\/website\/wp-json\/wp\/v2\/media?parent=220345"}],"wp:term":[{"taxonomy":"category","embeddable":true,"href":"https:\/\/www.messinaoggi.it\/website\/wp-json\/wp\/v2\/categories?post=220345"},{"taxonomy":"post_tag","embeddable":true,"href":"https:\/\/www.messinaoggi.it\/website\/wp-json\/wp\/v2\/tags?post=220345"}],"curies":[{"name":"wp","href":"https:\/\/api.w.org\/{rel}","templated":true}]}}