{"id":220303,"date":"2024-11-29T12:30:39","date_gmt":"2024-11-29T11:30:39","guid":{"rendered":"https:\/\/www.messinaoggi.it\/website\/2024\/11\/29\/pronto-soccorso-di-milazzo-dg-asp-impegnati-a-fornire-risorse-necessarie\/"},"modified":"2024-11-29T12:30:39","modified_gmt":"2024-11-29T11:30:39","slug":"pronto-soccorso-di-milazzo-dg-asp-impegnati-a-fornire-risorse-necessarie","status":"publish","type":"post","link":"https:\/\/www.messinaoggi.it\/website\/2024\/11\/29\/pronto-soccorso-di-milazzo-dg-asp-impegnati-a-fornire-risorse-necessarie\/","title":{"rendered":"Pronto Soccorso di Milazzo, Dg Asp \u201cImpegnati a fornire risorse necessarie\u201d"},"content":{"rendered":"<div>\n<p>MESSINA (ITALPRESS) \u2013 \u201cIn merito alle recenti vicende che hanno interessato il PS di Milazzo voglio sottolineare e riconoscere innanzitutto, il grande impegno profuso dal nostro personale che \u00e8 impegnato costantemente nei presidi di urgenza ed emergenza. In un periodo di crescente pressione sui servizi sanitari, desidero esprimere la mia sincera gratitudine a tutto il personale per la loro dedizione e professionalit\u00e0, fondamentali per garantire assistenza tempestiva e di qualit\u00e0 ai nostri pazienti. Abbiamo implementato nuove strategie per migliorare l\u2019efficienza e ridurre i tempi di attesa, e siamo impegnati a fornire le risorse necessarie per supportare il personale in questo compito cruciale\u201d. A dirlo il direttore generale Giuseppe Cucc\u00ec che dichiara inoltre: \u201cRiconosciamo le sfide complicate che affronta quotidianamente il personale ospedaliero e stiamo lavorando incessantemente per garantire che ogni paziente riceva le cure di cui ha bisogno. Per quanto riguarda il caso della signora rimasta tante ore al Pronto soccorso di Milazzo alla quale va tutta la nostra solidariet\u00e0, c\u2019\u00e8 da precisare che tenuto conto delle priorit\u00e0 identificate dal triage in quel pomeriggio c\u2019erano ben 7 casi di emergenza classificati come rossi, quindi gravi con priorit\u00e0 di assistenza. Il problema del Pronto soccorso di Milazzo cos\u00ec come un p\u00f2 per tutti i presidi di emergenza urgenza \u00e8 che la maggior parte degli accessi provengono da pazienti cronici, codici bianchi o verdi, cio\u00e8 da pazienti che non sono gravi ed evidenziano un vulnus nella presa in carico della rete territoriale che le azioni del DM 77, con la realizzazione delle Case di Comunit\u00e0 e degli Ospedali di Comunit\u00e0 cercher\u00e0 di affrontare e risolvere. A ci\u00f2 si aggiunge la endemica carenza di personale che si registra soprattutto nell\u2019 area della emergenza urgenza con dotazioni organiche carenti di medici comune a tutti i presidi di emergenza non solo dell\u2019 ASP di Messina, ma a livello nazionale\u201d.<br \/>\n\u201cPer implementare le dotazioni organiche dei presidi di emergenza urgenza dell ASP di Messina continua Cucc\u00ec \u2013 c\u2019\u00e8 stato uno sforzo immane da parte dell\u2019Asp di indire concorsi per reclutare medici di emergenza urgenza con deludenti risultati, in particolare solo negli ultimi mesi della mia gestione sono stati espletati ben tre prove concorsuali per l\u2019emergenza urgenza e un altro avviso \u00e8 gi\u00e0 in gazzetta ufficiale. Attuiamo le misure necessarie per snellire le procedure di presa in carico nei PS come, per esempio, l\u2019acquisto di nuove barelle e la realizzazione di diversi box di ripristino delle ambulanze. Per quanto concerne il trasferimento della postazione del 118 all\u2019 interno del presidio ospedaliero di Barcellona, vorrei precisare che la scelta \u00e8 funzionale sotto l\u2019aspetto tecnico e logistico non sostituisce la riapertura del Pronto Soccorso, a tal proposito assicuro che continueremo con i concorsi per dirigenti medici e contestualmente sono al vaglio dell\u2019azienda altre soluzioni da adottare. Nessun presidio Ospedaliero rester\u00e0 indietro e continuiamo il nostro impegno quotidiano per garantire servizi di qualit\u00e0\u201d.<div id=\"div-gpt-ad-Messinaoggi.it-DSK-300x250-corpoart\" style=\"text-align:center;margin:0 auto;\"><\/div><\/p>\n<p>\u2013 Foto: ufficio stampa Asp \u2013<br \/>\n(ITALPRESS).<div id=\"videoincontent\" style=\"clear:both\";><\/div><\/p>\n<\/div>\n","protected":false},"excerpt":{"rendered":"<p>MESSINA (ITALPRESS) \u2013 \u201cIn merito alle recenti vicende che hanno interessato il PS di Milazzo voglio sottolineare e riconoscere innanzitutto, il grande impegno profuso dal nostro personale che \u00e8 impegnato costantemente nei presidi di urgenza ed emergenza. In un periodo di crescente pressione sui servizi sanitari, desidero esprimere la mia sincera gratitudine a tutto il [&hellip;]<\/p>\n","protected":false},"author":18,"featured_media":220304,"comment_status":"closed","ping_status":"closed","sticky":false,"template":"","format":"standard","meta":{"ub_ctt_via":"","_mi_skip_tracking":false},"categories":[2449],"tags":[783],"featured_image_src":"https:\/\/www.messinaoggi.it\/website\/wp-content\/uploads\/2024\/11\/20241129_0242.jpg","author_info":{"display_name":"Admin","author_link":"https:\/\/www.messinaoggi.it\/website\/author\/admin\/"},"digistream_id":0,"digistream":false,"_links":{"self":[{"href":"https:\/\/www.messinaoggi.it\/website\/wp-json\/wp\/v2\/posts\/220303"}],"collection":[{"href":"https:\/\/www.messinaoggi.it\/website\/wp-json\/wp\/v2\/posts"}],"about":[{"href":"https:\/\/www.messinaoggi.it\/website\/wp-json\/wp\/v2\/types\/post"}],"author":[{"embeddable":true,"href":"https:\/\/www.messinaoggi.it\/website\/wp-json\/wp\/v2\/users\/18"}],"replies":[{"embeddable":true,"href":"https:\/\/www.messinaoggi.it\/website\/wp-json\/wp\/v2\/comments?post=220303"}],"version-history":[{"count":0,"href":"https:\/\/www.messinaoggi.it\/website\/wp-json\/wp\/v2\/posts\/220303\/revisions"}],"wp:featuredmedia":[{"embeddable":true,"href":"https:\/\/www.messinaoggi.it\/website\/wp-json\/wp\/v2\/media\/220304"}],"wp:attachment":[{"href":"https:\/\/www.messinaoggi.it\/website\/wp-json\/wp\/v2\/media?parent=220303"}],"wp:term":[{"taxonomy":"category","embeddable":true,"href":"https:\/\/www.messinaoggi.it\/website\/wp-json\/wp\/v2\/categories?post=220303"},{"taxonomy":"post_tag","embeddable":true,"href":"https:\/\/www.messinaoggi.it\/website\/wp-json\/wp\/v2\/tags?post=220303"}],"curies":[{"name":"wp","href":"https:\/\/api.w.org\/{rel}","templated":true}]}}