{"id":220253,"date":"2024-11-29T11:13:57","date_gmt":"2024-11-29T10:13:57","guid":{"rendered":"http:\/\/www.messinaoggi.it\/website\/?p=220253"},"modified":"2024-11-29T12:11:31","modified_gmt":"2024-11-29T11:11:31","slug":"aeroporto-del-mediterraneo-il-sindaco-basile-non-e-convinto","status":"publish","type":"post","link":"https:\/\/www.messinaoggi.it\/website\/2024\/11\/29\/aeroporto-del-mediterraneo-il-sindaco-basile-non-e-convinto\/","title":{"rendered":"Aeroporto del Mediterraneo: il sindaco Basile non \u00e8 convinto"},"content":{"rendered":"\n<p>La recente presentazione del progetto per la realizzazione di un aeroporto internazionale nella Valle del Mela, discussa in &#8220;Commissione Ponte&#8221;, ha acceso un vivace dibattito tra curiosit\u00e0, scetticismo e analisi sulla fattibilit\u00e0 e sostenibilit\u00e0 economica di un&#8217;opera di tale portata. <div id=\"div-gpt-ad-Messinaoggi.it-DSK-300x250-corpoart\" style=\"text-align:center;margin:0 auto;\"><\/div><\/p>\n\n\n\n<p>Si tratta di un\u2019infrastruttura che promette di avere un impatto significativo sul territorio della provincia di Messina e che ora molti osservano con attenzione per capire quale potr\u00e0 essere il suo destino.<div id=\"videoincontent\" style=\"clear:both\";><\/div><\/p>\n\n\n\n<p>Il progetto, denominato &#8220;Aeroporto del Mediterraneo&#8221;, \u00e8 promosso dalla <strong><em>Sciara Holding Ltd<\/em><\/strong>, una societ\u00e0 con sede a Londra. Il suo CEO, <strong>Fabio Bertolotti,<\/strong> ha illustrato un piano ambizioso, parlando di un investimento interamente privato che potrebbe oscillare tra i 500 e gli 800 milioni di euro. L\u2019idea include anche una &#8220;metropolitana del cielo&#8221; con dirigibili che collegherebbero tutti gli aeroporti siciliani, un\u2019iniziativa che ha catturato l\u2019interesse ma sollevato anche dubbi sulla sua concreta attuabilit\u00e0.<\/p>\n\n\n\n<p>Tra i pi\u00f9 critici si \u00e8 espresso <strong>Alessandro Russo<\/strong>, consigliere comunale del Partito Democratico, che in una nota ha evidenziato numerosi interrogativi sulla fattibilit\u00e0 del progetto. Russo ha ricordato le difficolt\u00e0 gi\u00e0 emerse in passato per progetti analoghi nella stessa area, che avevano incontrato ostacoli nell&#8217;iter autorizzativo.<\/p>\n\n\n\n<p>Alla presentazione del progetto, trattandosi di un incontro di commissione, non era presente il sindaco <strong>Federico Basile<\/strong>. Tuttavia, da pi\u00f9 parti \u00e8 stata sollecitata una sua chiara presa di posizione su un tema che potrebbe avere importanti ricadute economiche e sociali per la citt\u00e0 e l\u2019intera provincia. Il sindaco si \u00e8 in seguito espresso in questo modo:<\/p>\n\n\n\n<p>&#8220;\u00c8 un&#8217;idea affascinante di circa 10-12 anni fa, era stato inserito tra le opere compensative del Ponte, non so se oggi pu\u00f2 essere attuale, visto anche il rilancio dell&#8217;aeroporto di Reggio Calabria, che nell&#8217;ultimo anno sta vivendo una seconda vita, per\u00f2 \u00e8 giusto che gli imprenditori si facciano avanti con idee di questo tipo, ci saranno tavoli e tempi per capire se questo progetto pu\u00f2 camminare con un ragionamento generale che si sta portando avanti. I tecnici potranno poi capire se ve ne \u00e8 la necessit\u00e0.&#8221;<\/p>\n","protected":false},"excerpt":{"rendered":"<p>La recente presentazione del progetto per la realizzazione di un aeroporto internazionale nella Valle del Mela, discussa in &#8220;Commissione Ponte&#8221;, ha acceso un vivace dibattito tra curiosit\u00e0, scetticismo e analisi sulla fattibilit\u00e0 e sostenibilit\u00e0 economica di un&#8217;opera di tale portata. Si tratta di un\u2019infrastruttura che promette di avere un impatto significativo sul territorio della provincia [&hellip;]<\/p>\n","protected":false},"author":15,"featured_media":161043,"comment_status":"open","ping_status":"open","sticky":false,"template":"","format":"standard","meta":{"ub_ctt_via":"","_mi_skip_tracking":false},"categories":[6],"tags":[10928,5222,2185,2972],"featured_image_src":"https:\/\/www.messinaoggi.it\/website\/wp-content\/uploads\/2023\/06\/356123920_262446529720307_6014471275378847525_n-e1688063528242.jpg","author_info":{"display_name":"red.me","author_link":"https:\/\/www.messinaoggi.it\/website\/author\/red-me\/"},"digistream_id":0,"digistream":false,"_links":{"self":[{"href":"https:\/\/www.messinaoggi.it\/website\/wp-json\/wp\/v2\/posts\/220253"}],"collection":[{"href":"https:\/\/www.messinaoggi.it\/website\/wp-json\/wp\/v2\/posts"}],"about":[{"href":"https:\/\/www.messinaoggi.it\/website\/wp-json\/wp\/v2\/types\/post"}],"author":[{"embeddable":true,"href":"https:\/\/www.messinaoggi.it\/website\/wp-json\/wp\/v2\/users\/15"}],"replies":[{"embeddable":true,"href":"https:\/\/www.messinaoggi.it\/website\/wp-json\/wp\/v2\/comments?post=220253"}],"version-history":[{"count":3,"href":"https:\/\/www.messinaoggi.it\/website\/wp-json\/wp\/v2\/posts\/220253\/revisions"}],"predecessor-version":[{"id":220256,"href":"https:\/\/www.messinaoggi.it\/website\/wp-json\/wp\/v2\/posts\/220253\/revisions\/220256"}],"wp:featuredmedia":[{"embeddable":true,"href":"https:\/\/www.messinaoggi.it\/website\/wp-json\/wp\/v2\/media\/161043"}],"wp:attachment":[{"href":"https:\/\/www.messinaoggi.it\/website\/wp-json\/wp\/v2\/media?parent=220253"}],"wp:term":[{"taxonomy":"category","embeddable":true,"href":"https:\/\/www.messinaoggi.it\/website\/wp-json\/wp\/v2\/categories?post=220253"},{"taxonomy":"post_tag","embeddable":true,"href":"https:\/\/www.messinaoggi.it\/website\/wp-json\/wp\/v2\/tags?post=220253"}],"curies":[{"name":"wp","href":"https:\/\/api.w.org\/{rel}","templated":true}]}}