{"id":220098,"date":"2024-11-28T10:05:03","date_gmt":"2024-11-28T09:05:03","guid":{"rendered":"http:\/\/www.messinaoggi.it\/website\/?p=220098"},"modified":"2024-11-28T15:39:18","modified_gmt":"2024-11-28T14:39:18","slug":"un-luogo-commemorativo-del-terremoto-del-1908-avviati-i-lavori","status":"publish","type":"post","link":"https:\/\/www.messinaoggi.it\/website\/2024\/11\/28\/un-luogo-commemorativo-del-terremoto-del-1908-avviati-i-lavori\/","title":{"rendered":"Un luogo commemorativo del terremoto del 1908, avviati i lavori"},"content":{"rendered":"\n<p>In Piazza Immacolata un piccolo spazio, identificato con l\u2019aiuola posta sul retro del Campanile, delimitato per due lati dalle pareti della Cattedrale e per un lato dalla base del Campanile stesso.<div id=\"div-gpt-ad-Messinaoggi.it-DSK-300x250-corpoart\" style=\"text-align:center;margin:0 auto;\"><\/div><\/p>\n\n\n\n<p>Hanno preso ieri il via i lavori che condurranno, per volont\u00e0 dell\u2019Amministrazione Basile, all\u2019intitolazione di un luogo fisico dedicato alla memoria del tragico Terremoto del 28 dicembre 1908 e alle migliaia di vittime che perirono sotto le macerie.<div id=\"videoincontent\" style=\"clear:both\";><\/div><\/p>\n\n\n\n<p>&#8220;\u00c8 una risposta a ci\u00f2 che la Citt\u00e0 attende da 116 anni&#8221;, ha dichiarato il sindaco <strong>Federico Basile<\/strong>, che ha aggiunto: &#8220;Il poter dotare finalmente Messina di un luogo ove commemorare in modo istituzionale la data funesta del 28 dicembre, proprio accanto alla Cattedrale, immagine simbolo tra le immagini che ricordano la citt\u00e0 in macerie, \u00e8 qualcosa che ci inorgoglisce in nome di tutti i messinesi che, anche inconsciamente, continuano a portarsi dentro una ferita che appartiene alla storia della nostra comunit\u00e0&#8221;.<\/p>\n\n\n\n<figure class=\"wp-block-image size-large\"><img loading=\"lazy\" width=\"1024\" height=\"768\" src=\"http:\/\/www.messinaoggi.it\/website\/wp-content\/uploads\/2024\/11\/Lavori-luogo-commemorativo-Terremoto-1908-2-1024x768.jpg\" alt=\"\" class=\"wp-image-220102\" srcset=\"https:\/\/www.messinaoggi.it\/website\/wp-content\/uploads\/2024\/11\/Lavori-luogo-commemorativo-Terremoto-1908-2-1024x768.jpg 1024w, https:\/\/www.messinaoggi.it\/website\/wp-content\/uploads\/2024\/11\/Lavori-luogo-commemorativo-Terremoto-1908-2-300x225.jpg 300w, https:\/\/www.messinaoggi.it\/website\/wp-content\/uploads\/2024\/11\/Lavori-luogo-commemorativo-Terremoto-1908-2-768x576.jpg 768w, https:\/\/www.messinaoggi.it\/website\/wp-content\/uploads\/2024\/11\/Lavori-luogo-commemorativo-Terremoto-1908-2-1536x1152.jpg 1536w, https:\/\/www.messinaoggi.it\/website\/wp-content\/uploads\/2024\/11\/Lavori-luogo-commemorativo-Terremoto-1908-2.jpg 1600w\" sizes=\"(max-width: 1024px) 100vw, 1024px\" \/><figcaption>I lavori per il luogo commemorativo <\/figcaption><\/figure>\n\n\n\n<p>L\u2019iter amministrativo, avviato d\u2019intesa con il sindaco Basile, dall\u2019assessore alle Politiche culturali e Toponomastica <strong>Enzo Caruso<\/strong>, ha condotto alla delibera d\u2019indirizzo della Giunta municipale che proporr\u00e0 alla Commissione Toponomastica (con parere favorevole della Soprintendenza), e quindi alla Prefettura e alla Societ\u00e0 di Storia Patria, di stralciare da Piazza Immacolata un piccolo spazio, identificato con l\u2019aiuola posta sul retro del Campanile, delimitato per due lati dalle pareti della Cattedrale e per un lato dalla base del Campanile stesso, all\u2019interno del quale \u00e8 installata la Colonna crocifera commemorativa eretta nel 1958 per commemorare il 50\u00b0 Anniversario del Terremoto, ricordato da una targa in marmo posta qualche anno fa alla sua base dall\u2019Associazione \u201cMessina Sacra\u201d.<\/p>\n\n\n\n<p>I lavori di rimozione dell\u2019aiuola e di prolungamento della pavimentazione della piazza intorno alla Colonna votiva, sono stati avviati grazie alla sinergia tra i vari servizi, coordinati dal vicesindaco <strong>Salvatore Mondello<\/strong> (con delega ai Beni Culturali e ai Servizi Tecnici) e dagli assessori <strong>Nino Carreri <\/strong>(Rapporti con MessinaServizi Bene Comune) e <strong>Massimiliano Minutoli <\/strong>(Arredo Urbano e Manutenzione Strade).<\/p>\n\n\n\n<figure class=\"wp-block-image size-large\"><img loading=\"lazy\" width=\"1024\" height=\"768\" src=\"http:\/\/www.messinaoggi.it\/website\/wp-content\/uploads\/2024\/11\/Lavori-luogo-commemorativo-Terremoto-1908-3-1024x768.jpg\" alt=\"\" class=\"wp-image-220103\" srcset=\"https:\/\/www.messinaoggi.it\/website\/wp-content\/uploads\/2024\/11\/Lavori-luogo-commemorativo-Terremoto-1908-3-1024x768.jpg 1024w, https:\/\/www.messinaoggi.it\/website\/wp-content\/uploads\/2024\/11\/Lavori-luogo-commemorativo-Terremoto-1908-3-300x225.jpg 300w, https:\/\/www.messinaoggi.it\/website\/wp-content\/uploads\/2024\/11\/Lavori-luogo-commemorativo-Terremoto-1908-3-768x576.jpg 768w, https:\/\/www.messinaoggi.it\/website\/wp-content\/uploads\/2024\/11\/Lavori-luogo-commemorativo-Terremoto-1908-3-1536x1152.jpg 1536w, https:\/\/www.messinaoggi.it\/website\/wp-content\/uploads\/2024\/11\/Lavori-luogo-commemorativo-Terremoto-1908-3.jpg 1600w\" sizes=\"(max-width: 1024px) 100vw, 1024px\" \/><\/figure>\n\n\n\n<p>&#8220;Un grande lavoro di squadra &#8211; dichiara l\u2019assessore Caruso \u2013 avviato dall\u2019Amministrazione, che intende lasciare il primo vero &#8216;segno&#8217; del Terremoto pi\u00f9 devastante che la storia europea ricordi, mediante l\u2019individuazione di uno spazio fisico, scelto in pieno centro storico, che nel riportare la data del &#8217;28 Dicembre 1908&#8242;, ricordi gli oltre 60.000 messinesi periti sotto le macerie, le migliaia di superstiti costretti ad allontanarsi dalla loro amata citt\u00e0 e la cesura tra &#8216;il prima e il dopo&#8217; di una Messina rasa al suolo che, faticosamente, ha dovuto ricostruire la propria identit\u00e0&#8221;.<\/p>\n","protected":false},"excerpt":{"rendered":"<p>In Piazza Immacolata un piccolo spazio, identificato con l\u2019aiuola posta sul retro del Campanile, delimitato per due lati dalle pareti della Cattedrale e per un lato dalla base del Campanile stesso. Hanno preso ieri il via i lavori che condurranno, per volont\u00e0 dell\u2019Amministrazione Basile, all\u2019intitolazione di un luogo fisico dedicato alla memoria del tragico Terremoto [&hellip;]<\/p>\n","protected":false},"author":15,"featured_media":220101,"comment_status":"open","ping_status":"open","sticky":false,"template":"","format":"standard","meta":{"ub_ctt_via":"","_mi_skip_tracking":false},"categories":[5,6],"tags":[10667,1872,10971,803,2080],"featured_image_src":"https:\/\/www.messinaoggi.it\/website\/wp-content\/uploads\/2024\/11\/Lavori-luogo-commemorativo-Terremoto-1908-1.jpg","author_info":{"display_name":"red.me","author_link":"https:\/\/www.messinaoggi.it\/website\/author\/red-me\/"},"digistream_id":0,"digistream":false,"_links":{"self":[{"href":"https:\/\/www.messinaoggi.it\/website\/wp-json\/wp\/v2\/posts\/220098"}],"collection":[{"href":"https:\/\/www.messinaoggi.it\/website\/wp-json\/wp\/v2\/posts"}],"about":[{"href":"https:\/\/www.messinaoggi.it\/website\/wp-json\/wp\/v2\/types\/post"}],"author":[{"embeddable":true,"href":"https:\/\/www.messinaoggi.it\/website\/wp-json\/wp\/v2\/users\/15"}],"replies":[{"embeddable":true,"href":"https:\/\/www.messinaoggi.it\/website\/wp-json\/wp\/v2\/comments?post=220098"}],"version-history":[{"count":3,"href":"https:\/\/www.messinaoggi.it\/website\/wp-json\/wp\/v2\/posts\/220098\/revisions"}],"predecessor-version":[{"id":220104,"href":"https:\/\/www.messinaoggi.it\/website\/wp-json\/wp\/v2\/posts\/220098\/revisions\/220104"}],"wp:featuredmedia":[{"embeddable":true,"href":"https:\/\/www.messinaoggi.it\/website\/wp-json\/wp\/v2\/media\/220101"}],"wp:attachment":[{"href":"https:\/\/www.messinaoggi.it\/website\/wp-json\/wp\/v2\/media?parent=220098"}],"wp:term":[{"taxonomy":"category","embeddable":true,"href":"https:\/\/www.messinaoggi.it\/website\/wp-json\/wp\/v2\/categories?post=220098"},{"taxonomy":"post_tag","embeddable":true,"href":"https:\/\/www.messinaoggi.it\/website\/wp-json\/wp\/v2\/tags?post=220098"}],"curies":[{"name":"wp","href":"https:\/\/api.w.org\/{rel}","templated":true}]}}