{"id":220071,"date":"2024-11-27T22:05:40","date_gmt":"2024-11-27T21:05:40","guid":{"rendered":"https:\/\/www.messinaoggi.it\/website\/2024\/11\/27\/palladino-tante-motivazioni-perso-punti-per-strada\/"},"modified":"2024-11-27T22:05:40","modified_gmt":"2024-11-27T21:05:40","slug":"palladino-tante-motivazioni-perso-punti-per-strada","status":"publish","type":"post","link":"https:\/\/www.messinaoggi.it\/website\/2024\/11\/27\/palladino-tante-motivazioni-perso-punti-per-strada\/","title":{"rendered":"Palladino \u201cTante motivazioni, perso punti per strada\u201d"},"content":{"rendered":"<div>FIRENZE (ITALPRESS) &#8211; &#8220;Per noi domani l&#8217;obiettivo \u00e8 fare una grande prestazione perch\u00e8 affrontiamo una squadra molto valida che \u00e8 prima in classifica nel campionato cipriota, che ha sconfitto l&#8217;Apoel che ci ha battuto in Conference. Sappiamo che sono una squadra con dei valori, che sa giocare a calcio, si difende, attacca, quindi non sar\u00e0 facile. Le motivazioni sono tante perch\u00e8 abbiamo perso punti per strada e una vittoria ci permetterebbe di rimanere nelle prime otto, che \u00e8 il nostro obiettivo per fare un turno in meno di play-off&#8221;. Lo ha detto il tecnico viola Raffaele Palladino alla vigilia di Fiorentina-Pafos, gara valida per la fase a gironi di Conference League. L&#8217;allenatore gigliato ha ufficializzato come domani sar\u00e0 titolare Marin Pongracic, reduce da un lungo stop. &#8220;Pongracic domani parte dall&#8217;inizio perch\u00e8 ha lavorato bene in questo periodo, \u00e8 stato tanto tempo fuori per l&#8217;infortunio avuto prima della gara contro la Lazio&#8221;, ha spiegato Palladino. &#8220;Per noi \u00e8 un giocatore importante, dobbiamo fargli recuperare la condizione fisica e minutaggio in partita. Il primo step \u00e8 stato fatto, domenica ha giocato qualche minuto, domani parte dall&#8217;inizio, quindi massima fiducia in lui. Stiamo recuperando tutti, anche Gudmunsson&#8221; anche se non sar\u00e0 convocato, &#8220;cos\u00ec come Richardson che rientrer\u00e0 fra qualche giorno. Siamo quasi tutti dentro e questo per me \u00e8 fondamentale&#8221;, ha concluso Palladino. &#8220;Non credo che domani sera ci sia il rischio di pensare alla gara con l&#8217;Inter, perch\u00e8 sappiamo bene che le partite in Europa non sono mai facili &#8211; le parole del centrocampista della Fiorentina Danilo Cataldi &#8211; Lo abbiamo scoperto nell&#8217;ultima partita disputata dove abbiamo giocato secondo me una buona gara contro una buona squadra (l&#8217;Apoel, ndr) che in casa ha fatto bene, e siamo usciti con zero punti. Quando si va in territorio europeo non si pu\u00f2 dare nulla per scontato&#8221;. L&#8217;ex laziale, reduce da un problema ad un polpaccio, ha spiegato di &#8220;stare un p\u00f2 meglio, probabilmente non al 100%. Abbiamo parlato anche con il mister durante l&#8217;ultima pausa delle nazionali ed abbiamo gestito bene dei problemi che avevo sulle spalle e che ancora non sono passati del tutto&#8221;.<br \/>&#8211; Foto Ipa Agency &#8211;<br \/>(ITALPRESS).<\/div>\n<div id=\"div-gpt-ad-Messinaoggi.it-DSK-300x250-corpoart\" style=\"text-align:center;margin:0 auto;\"><\/div><\/p><div id=\"videoincontent\" style=\"clear:both\";><\/div>","protected":false},"excerpt":{"rendered":"<p>FIRENZE (ITALPRESS) &#8211; &#8220;Per noi domani l&#8217;obiettivo \u00e8 fare una grande prestazione perch\u00e8 affrontiamo una squadra molto valida che \u00e8 prima in classifica nel campionato cipriota, che ha sconfitto l&#8217;Apoel che ci ha battuto in Conference. Sappiamo che sono una squadra con dei valori, che sa giocare a calcio, si difende, attacca, quindi non sar\u00e0 [&hellip;]<\/p>\n","protected":false},"author":18,"featured_media":220072,"comment_status":"closed","ping_status":"closed","sticky":false,"template":"","format":"standard","meta":{"ub_ctt_via":"","_mi_skip_tracking":false},"categories":[446],"tags":[783],"featured_image_src":"https:\/\/www.messinaoggi.it\/website\/wp-content\/uploads\/2024\/11\/20241127_2398.jpg","author_info":{"display_name":"Admin","author_link":"https:\/\/www.messinaoggi.it\/website\/author\/admin\/"},"digistream_id":0,"digistream":false,"_links":{"self":[{"href":"https:\/\/www.messinaoggi.it\/website\/wp-json\/wp\/v2\/posts\/220071"}],"collection":[{"href":"https:\/\/www.messinaoggi.it\/website\/wp-json\/wp\/v2\/posts"}],"about":[{"href":"https:\/\/www.messinaoggi.it\/website\/wp-json\/wp\/v2\/types\/post"}],"author":[{"embeddable":true,"href":"https:\/\/www.messinaoggi.it\/website\/wp-json\/wp\/v2\/users\/18"}],"replies":[{"embeddable":true,"href":"https:\/\/www.messinaoggi.it\/website\/wp-json\/wp\/v2\/comments?post=220071"}],"version-history":[{"count":0,"href":"https:\/\/www.messinaoggi.it\/website\/wp-json\/wp\/v2\/posts\/220071\/revisions"}],"wp:featuredmedia":[{"embeddable":true,"href":"https:\/\/www.messinaoggi.it\/website\/wp-json\/wp\/v2\/media\/220072"}],"wp:attachment":[{"href":"https:\/\/www.messinaoggi.it\/website\/wp-json\/wp\/v2\/media?parent=220071"}],"wp:term":[{"taxonomy":"category","embeddable":true,"href":"https:\/\/www.messinaoggi.it\/website\/wp-json\/wp\/v2\/categories?post=220071"},{"taxonomy":"post_tag","embeddable":true,"href":"https:\/\/www.messinaoggi.it\/website\/wp-json\/wp\/v2\/tags?post=220071"}],"curies":[{"name":"wp","href":"https:\/\/api.w.org\/{rel}","templated":true}]}}