{"id":220027,"date":"2024-11-27T18:05:39","date_gmt":"2024-11-27T17:05:39","guid":{"rendered":"https:\/\/www.messinaoggi.it\/website\/2024\/11\/27\/marco-natali-e-il-nuovo-presidente-di-confprofessioni\/"},"modified":"2024-11-27T18:05:39","modified_gmt":"2024-11-27T17:05:39","slug":"marco-natali-e-il-nuovo-presidente-di-confprofessioni","status":"publish","type":"post","link":"https:\/\/www.messinaoggi.it\/website\/2024\/11\/27\/marco-natali-e-il-nuovo-presidente-di-confprofessioni\/","title":{"rendered":"Marco Natali \u00e8 il nuovo presidente di Confprofessioni"},"content":{"rendered":"<div>ROMA (ITALPRESS) &#8211; Marco Natali \u00e8 stato eletto presidente di Confprofessioni dal Consiglio Generale della Confederazione, che riunisce le associazioni di categoria. Con questa nomina, si chiude l&#8217;era di Gaetano Stella, sotto la cui guida Confprofessioni ha consolidato la propria stabilit\u00e0, credibilit\u00e0 e capacit\u00e0 di rappresentanza. Natali si prepara a inaugurare una fase di evoluzione per Confprofessioni, con l&#8217;obiettivo di adattare l&#8217;organizzazione ai mutamenti socioeconomici e di trasformarla in un punto di riferimento sempre pi\u00f9 dinamico e innovativo per i professionisti italiani.<br \/>Nel suo discorso d&#8217;insediamento, il neopresidente ha presentato un programma ambizioso, incentrato su due pilastri fondamentali: le persone e la rappresentanza. &#8220;Questo \u00e8 il momento di osare. E&#8217; tempo di costruire sul lavoro svolto finora e di guardare a nuovi orizzonti con determinazione e visione strategica. Ringrazio il presidente Stella e la sua squadra per l&#8217;impegno e la dedizione con cui hanno guidato la Confederazione, lasciando un&#8217;eredit\u00e0 di crescita e solidit\u00e0, preziosa base per il futuro&#8221;, ha detto Natali.<br \/>Lo sguardo sar\u00e0 rivolto al superamento delle sfide attuali come la transizione green e digitale, l&#8217;internazionalizzazione, l&#8217;evoluzione dei modelli organizzativi e il potenziamento del welfare dedicato ai professionisti e ai loro dipendenti, nonch\u00e8 al rafforzamento delle relazioni con stakeholder strategici come sindacati, politica e rappresentanze professionali. Azioni importanti per valorizzare il ruolo centrale del professionista nella societ\u00e0.<br \/>Accanto a Marco Natali lavorer\u00e0 una Giunta Esecutiva caratterizzata da una forte presenza femminile rispetto al passato, e composta da esponenti di spicco del settore: Vice Presidente &#8211; Andrea Dili (Adc), Salvo Barrano (ANA), Luigi Carunchio (UNGDCEC), Giole Semprini Cesari (ANDI), Paola Cogotti (ANCL), Alessandro Dabbene (FIMMG), Paola Fiorillo (ANF), Maria Pungetti (Assoingegneri), Dominella Quagliata (PLP) e Ezio Maria Reggiani (ANC).<br \/>Tra gli altri incarichi assegnati, il Consiglio Generale ha nominato Raffaele Loprete (UNGDCEC) &#8211; presidente, Roberto Accossu (FIDAF) e Carmen Colangelo (CIPA) come revisori, e il nuovo Collegio dei Probiviri, composto da Vilma Iaria (ADC) come Presidente, Ennio Bucci (ANF) e Marina Brinchi (PLP) come componenti effettivi, e Sandro Spella (UNGDCEC) e Fernando Tebaldi (ANCL) come supplenti.<br \/>&#8220;L&#8217;Italia pu\u00f2 contare su professionisti dalle competenze straordinarie, capaci di essere il motore della crescita economica e sociale del Paese. Confprofessioni deve essere la voce di queste eccellenze, creando nuove opportunit\u00e0 e affrontando con coraggio le sfide che ci attendono&#8221;, ha concluso Natali.<br \/>Sotto questa nuova guida, Confprofessioni &#8211; conclude la nota &#8211; &#8220;punta a rafforzare il proprio ruolo come interlocutore autorevole a livello nazionale ed europeo, lavorando per un futuro in cui l&#8217;aggregazione delle competenze, il networking internazionale e l&#8217;innovazione tecnologica siano al centro del cambiamento&#8221;.<div id=\"div-gpt-ad-Messinaoggi.it-DSK-300x250-corpoart\" style=\"text-align:center;margin:0 auto;\"><\/div><\/p>\n<p>&#8211; foto ufficio stampa Confprofessioni &#8211;<br \/>(ITALPRESS).<\/div>\n<div id=\"videoincontent\" style=\"clear:both\";><\/div>","protected":false},"excerpt":{"rendered":"<p>ROMA (ITALPRESS) &#8211; Marco Natali \u00e8 stato eletto presidente di Confprofessioni dal Consiglio Generale della Confederazione, che riunisce le associazioni di categoria. Con questa nomina, si chiude l&#8217;era di Gaetano Stella, sotto la cui guida Confprofessioni ha consolidato la propria stabilit\u00e0, credibilit\u00e0 e capacit\u00e0 di rappresentanza. Natali si prepara a inaugurare una fase di evoluzione [&hellip;]<\/p>\n","protected":false},"author":18,"featured_media":220028,"comment_status":"closed","ping_status":"closed","sticky":false,"template":"","format":"standard","meta":{"ub_ctt_via":"","_mi_skip_tracking":false},"categories":[446],"tags":[783],"featured_image_src":"https:\/\/www.messinaoggi.it\/website\/wp-content\/uploads\/2024\/11\/20241127_1607.jpg","author_info":{"display_name":"Admin","author_link":"https:\/\/www.messinaoggi.it\/website\/author\/admin\/"},"digistream_id":0,"digistream":false,"_links":{"self":[{"href":"https:\/\/www.messinaoggi.it\/website\/wp-json\/wp\/v2\/posts\/220027"}],"collection":[{"href":"https:\/\/www.messinaoggi.it\/website\/wp-json\/wp\/v2\/posts"}],"about":[{"href":"https:\/\/www.messinaoggi.it\/website\/wp-json\/wp\/v2\/types\/post"}],"author":[{"embeddable":true,"href":"https:\/\/www.messinaoggi.it\/website\/wp-json\/wp\/v2\/users\/18"}],"replies":[{"embeddable":true,"href":"https:\/\/www.messinaoggi.it\/website\/wp-json\/wp\/v2\/comments?post=220027"}],"version-history":[{"count":0,"href":"https:\/\/www.messinaoggi.it\/website\/wp-json\/wp\/v2\/posts\/220027\/revisions"}],"wp:featuredmedia":[{"embeddable":true,"href":"https:\/\/www.messinaoggi.it\/website\/wp-json\/wp\/v2\/media\/220028"}],"wp:attachment":[{"href":"https:\/\/www.messinaoggi.it\/website\/wp-json\/wp\/v2\/media?parent=220027"}],"wp:term":[{"taxonomy":"category","embeddable":true,"href":"https:\/\/www.messinaoggi.it\/website\/wp-json\/wp\/v2\/categories?post=220027"},{"taxonomy":"post_tag","embeddable":true,"href":"https:\/\/www.messinaoggi.it\/website\/wp-json\/wp\/v2\/tags?post=220027"}],"curies":[{"name":"wp","href":"https:\/\/api.w.org\/{rel}","templated":true}]}}