{"id":220003,"date":"2024-11-27T16:05:39","date_gmt":"2024-11-27T15:05:39","guid":{"rendered":"https:\/\/www.messinaoggi.it\/website\/2024\/11\/27\/banca-del-fucino-con-feduf-nelle-scuole-medie-a-roma-e-velletri\/"},"modified":"2024-11-27T16:05:39","modified_gmt":"2024-11-27T15:05:39","slug":"banca-del-fucino-con-feduf-nelle-scuole-medie-a-roma-e-velletri","status":"publish","type":"post","link":"https:\/\/www.messinaoggi.it\/website\/2024\/11\/27\/banca-del-fucino-con-feduf-nelle-scuole-medie-a-roma-e-velletri\/","title":{"rendered":"Banca del Fucino con Feduf nelle scuole medie a Roma e Velletri"},"content":{"rendered":"<div>ROMA (ITALPRESS) &#8211; Banca del Fucino con FEduF, la Fondazione per l&#8217;Educazione Finanziaria e al Risparmio di ABI, organizza tre incontri formativi, a Roma e Velletri, diretti ad oltre 150 allievi di tre diverse scuole medie sul tema &#8220;Risparmiamo il Paese&#8221;.<br \/>L&#8217;iniziativa rientra nelle attivit\u00e0 della Banca del Fucino per il mese dell&#8217;educazione finanziaria e rappresenta un importante occasione di dialogo con i giovani sui temi di attualit\u00e0 e per fornire loro una panoramica delle attivit\u00e0 bancarie e finanziarie. A questi incontri si accompagna anche una attivit\u00e0 sui social della Banca del Fucino, la quale con apposite card tematiche spiega ai pi\u00f9 giovani parole chiave dell&#8217;economia, come ad esempio &#8220;inflazione&#8221;.<br \/>I temi della finanza, del risparmio, degli investimenti, cos\u00ec come la sostenibilit\u00e0 economica individuale e sociale, affrontati in un&#8217;ottica interdisciplinare e trasversale acquisiscono centralit\u00e0 nel percorso formativo con l&#8217;obiettivo di rendere i ragazzi cittadini consapevoli, capaci di partecipare pienamente alla vita economica del Paese.<br \/>Qual \u00e8 l&#8217;impatto dei nostri comportamenti sul pianeta, l&#8217;economia e la societ\u00e0? Quale la conseguenza delle nostre scelte? Quanto \u00e8 importante agire subito? Cosa cambia se prestiamo maggiore attenzione ai nostri comportamenti?<br \/>Questi sono nello specifico i quesiti che saranno affrontati in aula dai formatori di FeduF insieme ai referenti della Banca del Fucino nell&#8217;ambito delle lezioni in programma il 27 e il 28 novembre  presso l&#8217;IC &#8220;Giorgio Franceschi&#8221; e &#8220;Franco Cesana&#8221; di Roma e l&#8217;IC &#8220;Gino Felci&#8221; di Velletri.<br \/>I moduli formativi sono stati ideati da FEduF (ABI) e sono integrati nella piattaforma didattica &#8220;Investiamo sul futuro&#8221;, pensati per lo svolgimento dei lavori in classe nelle scuole secondarie di I e II grado. I moduli toccano gli argomenti alla base dello sviluppo sostenibile, dei quali \u00e8 fortemente necessario essere consapevoli alla luce delle profonde interazioni tra ambiente, societ\u00e0, economia e istituzioni che impattano la vita quotidiana.<br \/>&#8220;La societ\u00e0 digitale del prossimo futuro sar\u00e0 caratterizzata da una crescente attenzione su tre concetti: impatto, sostenibilit\u00e0 e consapevolezza &#8211; commenta Giovanna Boggio Robutti, DG di FEduF Fondazione per l&#8217;Educazione Finanziaria &#8211; e sono anche i leit-motiv di una nuova economia, possibile solo se alla transizione tecnologica si accompagner\u00e0 un profondo cambiamento culturale, che non pu\u00f2 prescindere dalle nozioni base di economia e da un corretto approccio all&#8217;educazione finanziaria&#8221;.<br \/>&#8220;E&#8217; un onore per noi poter accompagnare FEduF nelle scuole medie per una attivit\u00e0 formativa cos\u00ec importante sulle questioni ambientali e sociali. Le azioni che intraprendiamo oggi sono fondamentali per costruire il futuro di domani, sia nella tutela del pianeta sia nella gestione delle risorse finanziarie. Ci auguriamo di contribuire con queste attivit\u00e0 alla formazione delle giovani generazioni per farne dei cittadini consapevoli dell&#8217;importanza di una corretta cultura finanziaria, economica e sociale che non pu\u00f2 prescindere dagli aspetti ambientali&#8221;, ha dichiarato Francesco Maiolini, AD di Banca del Fucino.<br \/>-foto ufficio stampa Banca del Fucino &#8211;<br \/>(ITALPRESS).<\/div>\n<div id=\"div-gpt-ad-Messinaoggi.it-DSK-300x250-corpoart\" style=\"text-align:center;margin:0 auto;\"><\/div><\/p><div id=\"videoincontent\" style=\"clear:both\";><\/div>","protected":false},"excerpt":{"rendered":"<p>ROMA (ITALPRESS) &#8211; Banca del Fucino con FEduF, la Fondazione per l&#8217;Educazione Finanziaria e al Risparmio di ABI, organizza tre incontri formativi, a Roma e Velletri, diretti ad oltre 150 allievi di tre diverse scuole medie sul tema &#8220;Risparmiamo il Paese&#8221;.L&#8217;iniziativa rientra nelle attivit\u00e0 della Banca del Fucino per il mese dell&#8217;educazione finanziaria e rappresenta [&hellip;]<\/p>\n","protected":false},"author":18,"featured_media":220004,"comment_status":"closed","ping_status":"closed","sticky":false,"template":"","format":"standard","meta":{"ub_ctt_via":"","_mi_skip_tracking":false},"categories":[446],"tags":[783],"featured_image_src":"https:\/\/www.messinaoggi.it\/website\/wp-content\/uploads\/2024\/11\/20241127_0740.jpg","author_info":{"display_name":"Admin","author_link":"https:\/\/www.messinaoggi.it\/website\/author\/admin\/"},"digistream_id":0,"digistream":false,"_links":{"self":[{"href":"https:\/\/www.messinaoggi.it\/website\/wp-json\/wp\/v2\/posts\/220003"}],"collection":[{"href":"https:\/\/www.messinaoggi.it\/website\/wp-json\/wp\/v2\/posts"}],"about":[{"href":"https:\/\/www.messinaoggi.it\/website\/wp-json\/wp\/v2\/types\/post"}],"author":[{"embeddable":true,"href":"https:\/\/www.messinaoggi.it\/website\/wp-json\/wp\/v2\/users\/18"}],"replies":[{"embeddable":true,"href":"https:\/\/www.messinaoggi.it\/website\/wp-json\/wp\/v2\/comments?post=220003"}],"version-history":[{"count":0,"href":"https:\/\/www.messinaoggi.it\/website\/wp-json\/wp\/v2\/posts\/220003\/revisions"}],"wp:featuredmedia":[{"embeddable":true,"href":"https:\/\/www.messinaoggi.it\/website\/wp-json\/wp\/v2\/media\/220004"}],"wp:attachment":[{"href":"https:\/\/www.messinaoggi.it\/website\/wp-json\/wp\/v2\/media?parent=220003"}],"wp:term":[{"taxonomy":"category","embeddable":true,"href":"https:\/\/www.messinaoggi.it\/website\/wp-json\/wp\/v2\/categories?post=220003"},{"taxonomy":"post_tag","embeddable":true,"href":"https:\/\/www.messinaoggi.it\/website\/wp-json\/wp\/v2\/tags?post=220003"}],"curies":[{"name":"wp","href":"https:\/\/api.w.org\/{rel}","templated":true}]}}