{"id":219986,"date":"2024-11-27T17:13:07","date_gmt":"2024-11-27T16:13:07","guid":{"rendered":"http:\/\/www.messinaoggi.it\/website\/?p=219986"},"modified":"2024-11-27T13:15:41","modified_gmt":"2024-11-27T12:15:41","slug":"nuova-vettura-revampizzata-del-tram","status":"publish","type":"post","link":"https:\/\/www.messinaoggi.it\/website\/2024\/11\/27\/nuova-vettura-revampizzata-del-tram\/","title":{"rendered":"Nuova vettura &#8220;revampizzata&#8221; del tram"},"content":{"rendered":"\n<p>E&#8217; arrivata la settima vettura revampizzata del tram. E\u2019 dedicata a \u201cMata e Grifone\u201d e insieme alle vetture\u00a0 \u201cZancle\u201d, \u201cDuomo\u201d, \u201cPeloro\u201d, \u201cMessina\u201d , \u201cNettuno\u201d e \u201cAntonello da Messina\u201d da\u00a0oggi\u00a0sar\u00e0 in circolazione, prima che il servizio tranviario, nei prossimi mesi, venga temporaneamente sospeso per consentire l\u2019esecuzione dei lavori di restyling della linea tranviaria, programmati gi\u00e0 da tempo dall\u2019Azienda Trasporti di Messina, in accordo con il Comune.<br>La presentazione del nuovo tram, la cui grafica \u00e8 stata realizzata dagli studenti del liceo artistico \u201cBasile\u201d,\u00a0 si \u00e8 svolta stamani davanti alla fermata \u201cMunicipio\u201d, alla presenza del sindaco Federico Basile, del vicesindaco e assessore alla Mobilit\u00e0 urbana Salvatore Mondello, della\u00a0 presidente di ATM SpA Carla Grillo, insieme ai consiglieri del CdA Nicol\u00f2 Cannav\u00f2 e Giovanni Carbone. Da l\u00ec, la nuova vettura del tram ha svolto il suo primo viaggio in direzione terminal Museo.<br>\u201cL\u2019Amministrazione comunale \u2013 ha dichiarato il sindaco Basile \u2013 va avanti nel progetto di potenziamento del\u00a0 servizio tranviario, che \u00e8 iniziato durante la sindacatura De Luca con l\u2019avvio dell\u2019attivit\u00e0 di revamping delle vetture del tram e proseguir\u00e0 per tutto il 2025 con i lavori di riqualificazione della linea tranviaria. Il nostro obiettivo \u00e8 far diventare il tram l\u2019asse portante del sistema di mobilit\u00e0 cittadina, integrandolo con il trasporto gommato. Ormai da 6 anni lavoriamo per creare un sistema intermodale sostenibile e ringrazio Atm per il lavoro egregio che ha svolto in questi anni e che continua a svolgere con grande impegno e fissando sempre nuovi obiettivi. Sul fronte del trasporto pubblico, Messina ha raggiunto standard ormai vicini alle pi\u00f9 importanti citt\u00e0 italiane ed europee\u201d.<br>\u201cQuando si lavora seriamente e con dedizione vera, &#8211; ha aggiunto il vicesindaco Mondello &#8211;\u00a0 i risultati arrivano. Atm \u00e8 l\u2019esempio di come si possano raggiungere traguardi ambiziosi anche in tempi relativamente brevi. Il tram \u00e8 una risorsa per la citt\u00e0 e la sua riqualificazione, che riguarda sia le singole vetture sia la linea tranviaria, apporter\u00e0 enormi benefici a tutto il sistema della mobilit\u00e0. In molte capitali europee il tram \u00e8 diventato una vera e propria attrazione turistica grazie al percorso attraverso il quale si snoda. Il nostro tram passa accanto alla Madonnina del Porto, che \u00e8 il simbolo della nostra citt\u00e0, e attraversa piazza Cairoli, che \u00e8 la nostra piazza per eccellenza. Ha dunque tutti i requisiti per diventare non solo un mezzo di trasporto ma anche un\u2019attrazione turistica&#8221;.<br>\u201cOggi\u00a0inauguriamo la settima vettura revampizzata del tram e per me \u00e8 una grande emozione, perch\u00e9 conosco bene l\u2019iter che ha portato sin qui e tutto il lavoro che c\u2019\u00e8 dietro. Questo progetto nasce nel 2020 e ha iniziato a concretizzarsi nel\u00a0dicembre\u00a0del 2021, con l\u2019arrivo in citt\u00e0 della prima vettura riqualificata. Atm crede fermamente nelle potenzialit\u00e0 di questo mezzo di trasporto , sostenibile e allo stesso tempo dal fascino antico. Le grafiche, che richiamano luoghi e personaggi simbolo della nostra citt\u00e0, sono state realizzate dagli studenti dei nostri licei artistici e rappresentano un valore aggiunto&#8221;. Cos\u00ec la presidente di Atm Spa Grillo, la quale si \u00e8 voluta soffermare anche\u00a0 sull&#8217;inizio dei lavori di riqualificazione della linea tranviaria: \u201cIn questi giorni \u00e8 iniziata la fase uno con la sostituzione delle cabine elettriche e all&#8217;inizio del 2025 partiremo con i cantieri. Grazie al finanziamento ministeriale di 25 milioni di euro, ottenuto dalla Citt\u00e0 Metropolitana di Messina, realizzeremo interventi di ammodernamento e messa in sicurezza della tranvia. Abbiamo un obiettivo preciso: rendere il servizio tranviario sempre pi\u00f9 moderno ed efficiente\u201d.<div id=\"div-gpt-ad-Messinaoggi.it-DSK-300x250-corpoart\" style=\"text-align:center;margin:0 auto;\"><\/div><\/p>\n<div id=\"videoincontent\" style=\"clear:both\";><\/div>","protected":false},"excerpt":{"rendered":"<p>E&#8217; arrivata la settima vettura revampizzata del tram. E\u2019 dedicata a \u201cMata e Grifone\u201d e insieme alle vetture\u00a0 \u201cZancle\u201d, \u201cDuomo\u201d, \u201cPeloro\u201d, \u201cMessina\u201d , \u201cNettuno\u201d e \u201cAntonello da Messina\u201d da\u00a0oggi\u00a0sar\u00e0 in circolazione, prima che il servizio tranviario, nei prossimi mesi, venga temporaneamente sospeso per consentire l\u2019esecuzione dei lavori di restyling della linea tranviaria, programmati gi\u00e0 da [&hellip;]<\/p>\n","protected":false},"author":2,"featured_media":219987,"comment_status":"open","ping_status":"open","sticky":false,"template":"","format":"standard","meta":{"ub_ctt_via":"","_mi_skip_tracking":false},"categories":[5],"tags":[602],"featured_image_src":"https:\/\/www.messinaoggi.it\/website\/wp-content\/uploads\/2024\/11\/Nuova-vettura-tram.jpg","author_info":{"display_name":"Redazione","author_link":"https:\/\/www.messinaoggi.it\/website\/author\/redazione\/"},"digistream_id":0,"digistream":false,"_links":{"self":[{"href":"https:\/\/www.messinaoggi.it\/website\/wp-json\/wp\/v2\/posts\/219986"}],"collection":[{"href":"https:\/\/www.messinaoggi.it\/website\/wp-json\/wp\/v2\/posts"}],"about":[{"href":"https:\/\/www.messinaoggi.it\/website\/wp-json\/wp\/v2\/types\/post"}],"author":[{"embeddable":true,"href":"https:\/\/www.messinaoggi.it\/website\/wp-json\/wp\/v2\/users\/2"}],"replies":[{"embeddable":true,"href":"https:\/\/www.messinaoggi.it\/website\/wp-json\/wp\/v2\/comments?post=219986"}],"version-history":[{"count":1,"href":"https:\/\/www.messinaoggi.it\/website\/wp-json\/wp\/v2\/posts\/219986\/revisions"}],"predecessor-version":[{"id":219988,"href":"https:\/\/www.messinaoggi.it\/website\/wp-json\/wp\/v2\/posts\/219986\/revisions\/219988"}],"wp:featuredmedia":[{"embeddable":true,"href":"https:\/\/www.messinaoggi.it\/website\/wp-json\/wp\/v2\/media\/219987"}],"wp:attachment":[{"href":"https:\/\/www.messinaoggi.it\/website\/wp-json\/wp\/v2\/media?parent=219986"}],"wp:term":[{"taxonomy":"category","embeddable":true,"href":"https:\/\/www.messinaoggi.it\/website\/wp-json\/wp\/v2\/categories?post=219986"},{"taxonomy":"post_tag","embeddable":true,"href":"https:\/\/www.messinaoggi.it\/website\/wp-json\/wp\/v2\/tags?post=219986"}],"curies":[{"name":"wp","href":"https:\/\/api.w.org\/{rel}","templated":true}]}}