{"id":219806,"date":"2024-11-26T13:11:36","date_gmt":"2024-11-26T12:11:36","guid":{"rendered":"http:\/\/www.messinaoggi.it\/website\/?p=219806"},"modified":"2024-11-26T13:11:39","modified_gmt":"2024-11-26T12:11:39","slug":"unime-recruiting-day-2500-curricula-per-60-aziende-aderenti","status":"publish","type":"post","link":"https:\/\/www.messinaoggi.it\/website\/2024\/11\/26\/unime-recruiting-day-2500-curricula-per-60-aziende-aderenti\/","title":{"rendered":"Unime recruiting day, 2500 curricula per 60 aziende aderenti"},"content":{"rendered":"\n<p>E\u2019 stata inaugurata, nella Sede centrale dell\u2019Ateneo (Rettorato e Dipartimento di Economia), la seconda edizione  dell\u2019UniMe Recruiting Day, l\u2019evento di orientamento al lavoro e placement organizzato per favorire l\u2019incontro tra imprese, studenti e laureati dell\u2019Universit\u00e0 di Messina. <div id=\"div-gpt-ad-Messinaoggi.it-DSK-300x250-corpoart\" style=\"text-align:center;margin:0 auto;\"><\/div><\/p>\n\n\n\n<p>Oltre 2500 curricula sono stati inviati alle 60 aziende aderenti all\u2019iniziativa per un totale di 800 colloqui fissati; 141 \u00e8, invece, il numero dei profili ricercati dalle imprese in vari settori che spaziano dall\u2019Ingegneria all\u2019Economia sino, anche, agli ambiti connessi alle Tecnologie, all\u2019Energia rinnovabile, alle Assicurazioni,  alla Sostenibilit\u00e0, alla Meccanica, ai Trasporti, alle Applicazioni industriali o digitali, all\u2019Elettronica e tanto altro ancora.<div id=\"videoincontent\" style=\"clear:both\";><\/div><\/p>\n\n\n\n<figure class=\"wp-block-image size-large\"><img loading=\"lazy\" width=\"1024\" height=\"683\" src=\"http:\/\/www.messinaoggi.it\/website\/wp-content\/uploads\/2024\/11\/EH4A0868-1024x683.jpg\" alt=\"\" class=\"wp-image-219813\" srcset=\"https:\/\/www.messinaoggi.it\/website\/wp-content\/uploads\/2024\/11\/EH4A0868-1024x683.jpg 1024w, https:\/\/www.messinaoggi.it\/website\/wp-content\/uploads\/2024\/11\/EH4A0868-300x200.jpg 300w, https:\/\/www.messinaoggi.it\/website\/wp-content\/uploads\/2024\/11\/EH4A0868-768x512.jpg 768w, https:\/\/www.messinaoggi.it\/website\/wp-content\/uploads\/2024\/11\/EH4A0868-1536x1024.jpg 1536w, https:\/\/www.messinaoggi.it\/website\/wp-content\/uploads\/2024\/11\/EH4A0868-2048x1365.jpg 2048w\" sizes=\"(max-width: 1024px) 100vw, 1024px\" \/><\/figure>\n\n\n\n<p>\u201cCon enorme piacere \u2013 ha detto la Rettrice <strong>Giovanna Spatari<\/strong> \u2013 accolgo le 60 aziende che quest\u2019oggi popolano l\u2019Ateneo e tutti gli studenti e i laureati che si avvicenderanno nei vari colloqui con le imprese. Sono certa che queste ultime riusciranno a trovare nei nostri giovani quei profili di talento che stanno cercando. Questa iniziativa nasce proprio per i nostri ragazzi, per dar loro le opportunit\u00e0 lavorative che cercano all\u2019interno del nostro bellissimo territorio. Per questo motivo, UniMe sta lavorando costantemente per rimodulare l\u2019offerta formativa in base alle esigenze territoriali e del mondo del lavoro, nella consapevolezza che la collaborazione interistituzionale possa condurre a ottimi risultati. In quest\u2019ottica sono lieta della presenza del Sindaco, dott. Federico Basile, con il quale abbiamo il comune desiderio di rafforzare una sinergia capace di implementare sempre pi\u00f9 i servizi rivolti ai giovani ed a tutta la citt\u00e0. Colgo l\u2019occasione per ringraziare le prof.sse Giuseppa Filippello e Cinzia Ingratoci Scorciapino, rispettivamente, Delegata ai Progetti di transizione Scuola-Universit\u00e0 e Delegata alla Promozione e sviluppo dell\u2019offerta formativa sul territorio, il dott. Pietro Nuccio, Direttore del D.A. Servizi didattici e Alta Formazione, l\u2019Unit\u00e0 di Coordinamento tecnico Orientamento e Placement e tutte le professionalit\u00e0 che hanno profuso grande impegno per l\u2019organizzazione di questa giornata\u201d.<\/p>\n\n\n\n<p>\u201cCon la presenza delle aziende \u2013 ha aggiunto il sindaco <strong>Federico Basile<\/strong> \u2013 l\u2019Universit\u00e0 \u00e8 diventata un piccolo polo fieristico per il lancio dei giovani nel vasto panorama del mondo del lavoro. La mia presenza qui suggella il desiderio delle istituzioni di collaborare per far crescere insieme la nostra citt\u00e0 e per permettere ai nostri ragazzi di restare nel territorio\u201d.<\/p>\n\n\n\n<figure class=\"wp-block-image size-large\"><img loading=\"lazy\" width=\"1024\" height=\"683\" src=\"http:\/\/www.messinaoggi.it\/website\/wp-content\/uploads\/2024\/11\/EH4A0872-1024x683.jpg\" alt=\"\" class=\"wp-image-219814\" srcset=\"https:\/\/www.messinaoggi.it\/website\/wp-content\/uploads\/2024\/11\/EH4A0872-1024x683.jpg 1024w, https:\/\/www.messinaoggi.it\/website\/wp-content\/uploads\/2024\/11\/EH4A0872-300x200.jpg 300w, https:\/\/www.messinaoggi.it\/website\/wp-content\/uploads\/2024\/11\/EH4A0872-768x512.jpg 768w, https:\/\/www.messinaoggi.it\/website\/wp-content\/uploads\/2024\/11\/EH4A0872-1536x1024.jpg 1536w, https:\/\/www.messinaoggi.it\/website\/wp-content\/uploads\/2024\/11\/EH4A0872-2048x1365.jpg 2048w\" sizes=\"(max-width: 1024px) 100vw, 1024px\" \/><\/figure>\n\n\n\n<p>Al Recruiting Day, tra gli altri, ha preso parte anche il dott. <strong>Pietro Franza<\/strong>, Presidente Sicindustria: <\/p>\n\n\n\n<p>\u201cEventi come questo dimostrano che le imprese sul territorio sono presenti e guardano ai nostri giovani, sono felice di essere qui e di vedere le aziende che dialogano con studenti e laureati del territorio. La sinergia con le Istituzioni \u00e8 sempre pi\u00f9 importante, dobbiamo lavorare tutti insieme affinch\u00e9 i nostri ragazzi non avvertano la necessit\u00e0 di abbandonare la nostra terra e per riuscire nello scopo \u00e8 fondamentale coinvolgere il mondo della formazione e studiare il meccanismo migliore per favorire l\u2019ingresso nel mondo del lavoro\u201d.<\/p>\n\n\n\n<p>L\u2019evento, strategico non solo per chi \u00e8 alla ricerca del primo impiego, ma anche per chi desidera esplorare nuove opportunit\u00e0 di carriera, ha confermato l\u2019impegno dell\u2019Universit\u00e0 di Messina nell\u2019opera di promozione dell\u2019inserimento lavorativo dei propri studenti e laureati, con l\u2019obiettivo collaterale di accrescere le potenzialit\u00e0 del territorio.<\/p>\n","protected":false},"excerpt":{"rendered":"<p>E\u2019 stata inaugurata, nella Sede centrale dell\u2019Ateneo (Rettorato e Dipartimento di Economia), la seconda edizione dell\u2019UniMe Recruiting Day, l\u2019evento di orientamento al lavoro e placement organizzato per favorire l\u2019incontro tra imprese, studenti e laureati dell\u2019Universit\u00e0 di Messina. Oltre 2500 curricula sono stati inviati alle 60 aziende aderenti all\u2019iniziativa per un totale di 800 colloqui fissati; [&hellip;]<\/p>\n","protected":false},"author":15,"featured_media":219812,"comment_status":"open","ping_status":"open","sticky":false,"template":"","format":"standard","meta":{"ub_ctt_via":"","_mi_skip_tracking":false},"categories":[5,6],"tags":[1903,1573,612,10944,9291,814],"featured_image_src":"https:\/\/www.messinaoggi.it\/website\/wp-content\/uploads\/2024\/11\/EH4A0841-scaled.jpg","author_info":{"display_name":"red.me","author_link":"https:\/\/www.messinaoggi.it\/website\/author\/red-me\/"},"digistream_id":0,"digistream":false,"_links":{"self":[{"href":"https:\/\/www.messinaoggi.it\/website\/wp-json\/wp\/v2\/posts\/219806"}],"collection":[{"href":"https:\/\/www.messinaoggi.it\/website\/wp-json\/wp\/v2\/posts"}],"about":[{"href":"https:\/\/www.messinaoggi.it\/website\/wp-json\/wp\/v2\/types\/post"}],"author":[{"embeddable":true,"href":"https:\/\/www.messinaoggi.it\/website\/wp-json\/wp\/v2\/users\/15"}],"replies":[{"embeddable":true,"href":"https:\/\/www.messinaoggi.it\/website\/wp-json\/wp\/v2\/comments?post=219806"}],"version-history":[{"count":2,"href":"https:\/\/www.messinaoggi.it\/website\/wp-json\/wp\/v2\/posts\/219806\/revisions"}],"predecessor-version":[{"id":219815,"href":"https:\/\/www.messinaoggi.it\/website\/wp-json\/wp\/v2\/posts\/219806\/revisions\/219815"}],"wp:featuredmedia":[{"embeddable":true,"href":"https:\/\/www.messinaoggi.it\/website\/wp-json\/wp\/v2\/media\/219812"}],"wp:attachment":[{"href":"https:\/\/www.messinaoggi.it\/website\/wp-json\/wp\/v2\/media?parent=219806"}],"wp:term":[{"taxonomy":"category","embeddable":true,"href":"https:\/\/www.messinaoggi.it\/website\/wp-json\/wp\/v2\/categories?post=219806"},{"taxonomy":"post_tag","embeddable":true,"href":"https:\/\/www.messinaoggi.it\/website\/wp-json\/wp\/v2\/tags?post=219806"}],"curies":[{"name":"wp","href":"https:\/\/api.w.org\/{rel}","templated":true}]}}