{"id":219612,"date":"2024-11-25T10:18:19","date_gmt":"2024-11-25T09:18:19","guid":{"rendered":"http:\/\/www.messinaoggi.it\/website\/?p=219612"},"modified":"2024-11-25T10:18:20","modified_gmt":"2024-11-25T09:18:20","slug":"il-siciliano-salvatore-seguenzia-riveve-premio-lettario-in-toscana","status":"publish","type":"post","link":"https:\/\/www.messinaoggi.it\/website\/2024\/11\/25\/il-siciliano-salvatore-seguenzia-riveve-premio-lettario-in-toscana\/","title":{"rendered":"Il siciliano Salvatore Seguenzia riveve premio lettario in Toscana"},"content":{"rendered":"\n<p>Nuovo riconoscimento per lo scrittore e poeta megarese <strong>Salvatore Seguenzia<\/strong>, nel contesto del Premio Letterario Internazionale \u201c<em>Il canto di Dafne<\/em>\u201d.\u00a0<div id=\"div-gpt-ad-Messinaoggi.it-DSK-300x250-corpoart\" style=\"text-align:center;margin:0 auto;\"><\/div><\/p>\n\n\n\n<p>Il Premio Internazionale, organizzato dall&#8217;Associazione &#8220;<em>Culturalmente Toscana e Dintorni<\/em>&#8220;, si articola nell\u2019ambito della lotta verso la violenza di genere. Nella Giuria erano presenti persone impegnate in maniera forte in tale ambito, come il presidente  <strong>Marina Pratici<\/strong>, fondatrice del premio, poetessa, critico letterario e saggista nonch\u00e9 Cavaliere Ufficiale della Repubblica e Ambasciatrice della Cultura italiana nel mondo e Dama della Cultura Europea e <strong>Jacqueline Monica Magi<\/strong>, magistrato e socia fondatrice dell\u2019Associazione Anna Maria Marino contro tutte le violenze di cui \u00e8 Presidente onoraria. <div id=\"videoincontent\" style=\"clear:both\";><\/div><\/p>\n\n\n\n<p>Sabato scorso, a Carrara, lo scrittore siciliano ha ricevuto la Menzione di Merito all\u2019interno della kermesse internazionale, come \u201c<em>Opera Prima<\/em>\u201d, con la sua terza opera letteraria \u201c<em>Le parole devono vivere<\/em>\u201d (Aletti Editore). L\u2019opera ha avuto il suo riconoscimento perch\u00e9 descrive la violenza vissuta durante la Shoah all\u2019interno di una \u201cfantasia nella fantasia\u201d. Il fulcro di questa narrativa \u00e8 stato un diario ritrovato ed appartenente ad un eroe. Leggendolo, lo scrittore ha cercato di far \u201cvivere\u201d in modo diretto e soggettivo, le \u201cparole\u201d di tutti i personaggi di quel diario, testimoni di una delle pi\u00f9 tragiche pagine della storia dell\u2019uomo, in cui si arriv\u00f2 a negare il diritto alla vita. Ha immaginato che, in quel periodo tragicamente storico, anche chi apparteneva alle squadre della morte aveva un\u2019anima nonch\u00e9 una coscienza quindi, riusciva a capire il significato ed il valore della vita, a cospetto di chi propalava la violenza nei confronti degli stessi esseri umani. Per lo stesso Salvatore Seguenzia la commemorazione del Giorno della Memoria o del Ricordo non deve essere solo una cerimonia ma l\u2019incipit con cui avere la forza di reagire e porre in essere comportamenti ed azioni tali da sconfiggere queste supreme menti, per dimostrare che l\u2019essere umano \u00e8 unico e, nella sua unicit\u00e0, deve apprezzare e godere del fatto che l\u2019esistere \u00e8 un dato di fatto, mentre il vivere \u00e8 un dato di diritto se non un\u2019arte. Lo stesso scrittore conclude: dedico il mio premio a tutti coloro che ancora oggi hanno l\u2019onore di rappresentare tutti gli uomini, tutte le donne nonch\u00e9 tutti i bambini uccisi e abusati in quel contesto perch\u00e9 continuino a divulgare il principio della libert\u00e0 e della non violenza e ringrazio tutti gli onorevoli giurati per aver apprezzato la mia opera letteraria.<\/p>\n","protected":false},"excerpt":{"rendered":"<p>Nuovo riconoscimento per lo scrittore e poeta megarese Salvatore Seguenzia, nel contesto del Premio Letterario Internazionale \u201cIl canto di Dafne\u201d.\u00a0 Il Premio Internazionale, organizzato dall&#8217;Associazione &#8220;Culturalmente Toscana e Dintorni&#8220;, si articola nell\u2019ambito della lotta verso la violenza di genere. Nella Giuria erano presenti persone impegnate in maniera forte in tale ambito, come il presidente Marina [&hellip;]<\/p>\n","protected":false},"author":2,"featured_media":219613,"comment_status":"open","ping_status":"open","sticky":false,"template":"","format":"standard","meta":{"ub_ctt_via":"","_mi_skip_tracking":false},"categories":[16],"tags":[],"featured_image_src":"https:\/\/www.messinaoggi.it\/website\/wp-content\/uploads\/2024\/11\/foto-2-2.jpg","author_info":{"display_name":"Redazione","author_link":"https:\/\/www.messinaoggi.it\/website\/author\/redazione\/"},"digistream_id":0,"digistream":false,"_links":{"self":[{"href":"https:\/\/www.messinaoggi.it\/website\/wp-json\/wp\/v2\/posts\/219612"}],"collection":[{"href":"https:\/\/www.messinaoggi.it\/website\/wp-json\/wp\/v2\/posts"}],"about":[{"href":"https:\/\/www.messinaoggi.it\/website\/wp-json\/wp\/v2\/types\/post"}],"author":[{"embeddable":true,"href":"https:\/\/www.messinaoggi.it\/website\/wp-json\/wp\/v2\/users\/2"}],"replies":[{"embeddable":true,"href":"https:\/\/www.messinaoggi.it\/website\/wp-json\/wp\/v2\/comments?post=219612"}],"version-history":[{"count":1,"href":"https:\/\/www.messinaoggi.it\/website\/wp-json\/wp\/v2\/posts\/219612\/revisions"}],"predecessor-version":[{"id":219614,"href":"https:\/\/www.messinaoggi.it\/website\/wp-json\/wp\/v2\/posts\/219612\/revisions\/219614"}],"wp:featuredmedia":[{"embeddable":true,"href":"https:\/\/www.messinaoggi.it\/website\/wp-json\/wp\/v2\/media\/219613"}],"wp:attachment":[{"href":"https:\/\/www.messinaoggi.it\/website\/wp-json\/wp\/v2\/media?parent=219612"}],"wp:term":[{"taxonomy":"category","embeddable":true,"href":"https:\/\/www.messinaoggi.it\/website\/wp-json\/wp\/v2\/categories?post=219612"},{"taxonomy":"post_tag","embeddable":true,"href":"https:\/\/www.messinaoggi.it\/website\/wp-json\/wp\/v2\/tags?post=219612"}],"curies":[{"name":"wp","href":"https:\/\/api.w.org\/{rel}","templated":true}]}}