{"id":21960,"date":"2018-07-14T14:03:18","date_gmt":"2018-07-14T12:03:18","guid":{"rendered":"http:\/\/www.messinaoggi.it\/website\/?p=21960"},"modified":"2018-07-14T14:03:18","modified_gmt":"2018-07-14T12:03:18","slug":"crollo-albero-de-luca-convoca-un-tavolo-tecnico-emergenziale","status":"publish","type":"post","link":"https:\/\/www.messinaoggi.it\/website\/2018\/07\/14\/crollo-albero-de-luca-convoca-un-tavolo-tecnico-emergenziale\/","title":{"rendered":"Crollo albero, De Luca convoca un tavolo tecnico emergenziale"},"content":{"rendered":"<p style=\"text-align: justify;\">Un video messaggio di appena 57 secondi, che per\u00f2 spiega quali saranno le mosse immediate che il sindaco ha intenzione di attuare. Cateno De Luca si affida ancora una volta al proprio profilo facebook le proprie comunicazioni istituzionali, direttamente a due passi dal Tribunale, all\u2019incrocio tra la Tommaso Cannizzaro e via la Cesare Battisti, dove poche ore fa un grosso albero \u00e8 crollato trascinando con se un palo della luce.<div id=\"div-gpt-ad-Messinaoggi.it-DSK-300x250-corpoart\" style=\"text-align:center;margin:0 auto;\"><\/div><\/p>\n<p style=\"text-align: justify;\">Siamo di fronte all\u2019ennesima tragedia sfiorata, di questo De Luca ne \u00e8 ben consapevole: \u201cPoteva scapparci il morto. Alle 15,30 abbiamo convocato un tavolo tecnico emergenziale, entro questa sera emetter\u00f2 un\u2019ordinanza indifferibile ed urgente dove chieder\u00f2 la potatura di tutti gli alberi che insistono nel perimetro urbano, avvalendoci di tutti i supporti tecnici del caso. Questo caso \u00e8 di una gravit\u00e0 inaudita, non si pu\u00f2 continuare a mettere cos\u00ec a serio rischio la pubblica incolumit\u00e0 dei cittadini\u201d.<div id=\"videoincontent\" style=\"clear:both\";><\/div><\/p>\n","protected":false},"excerpt":{"rendered":"<p>Un video messaggio di appena 57 secondi, che per\u00f2 spiega quali saranno le mosse immediate che il sindaco ha intenzione di attuare. Cateno De Luca si affida ancora una volta al proprio profilo facebook le proprie comunicazioni istituzionali, direttamente a due passi dal Tribunale, all\u2019incrocio tra la Tommaso Cannizzaro e via la Cesare Battisti, dove [&hellip;]<\/p>\n","protected":false},"author":14,"featured_media":21962,"comment_status":"closed","ping_status":"open","sticky":false,"template":"","format":"standard","meta":{"ub_ctt_via":"","_mi_skip_tracking":false},"categories":[6],"tags":[],"featured_image_src":"https:\/\/www.messinaoggi.it\/website\/wp-content\/uploads\/2018\/07\/F22A3AE5-0497-4B08-AABD-FC8A806E47E0-1.jpeg","author_info":{"display_name":"Antonio Macauda","author_link":"https:\/\/www.messinaoggi.it\/website\/author\/a-macauda\/"},"digistream_id":0,"digistream":false,"_links":{"self":[{"href":"https:\/\/www.messinaoggi.it\/website\/wp-json\/wp\/v2\/posts\/21960"}],"collection":[{"href":"https:\/\/www.messinaoggi.it\/website\/wp-json\/wp\/v2\/posts"}],"about":[{"href":"https:\/\/www.messinaoggi.it\/website\/wp-json\/wp\/v2\/types\/post"}],"author":[{"embeddable":true,"href":"https:\/\/www.messinaoggi.it\/website\/wp-json\/wp\/v2\/users\/14"}],"replies":[{"embeddable":true,"href":"https:\/\/www.messinaoggi.it\/website\/wp-json\/wp\/v2\/comments?post=21960"}],"version-history":[{"count":0,"href":"https:\/\/www.messinaoggi.it\/website\/wp-json\/wp\/v2\/posts\/21960\/revisions"}],"wp:featuredmedia":[{"embeddable":true,"href":"https:\/\/www.messinaoggi.it\/website\/wp-json\/wp\/v2\/media\/21962"}],"wp:attachment":[{"href":"https:\/\/www.messinaoggi.it\/website\/wp-json\/wp\/v2\/media?parent=21960"}],"wp:term":[{"taxonomy":"category","embeddable":true,"href":"https:\/\/www.messinaoggi.it\/website\/wp-json\/wp\/v2\/categories?post=21960"},{"taxonomy":"post_tag","embeddable":true,"href":"https:\/\/www.messinaoggi.it\/website\/wp-json\/wp\/v2\/tags?post=21960"}],"curies":[{"name":"wp","href":"https:\/\/api.w.org\/{rel}","templated":true}]}}