{"id":219585,"date":"2024-11-25T09:41:45","date_gmt":"2024-11-25T08:41:45","guid":{"rendered":"http:\/\/www.messinaoggi.it\/website\/?p=219585"},"modified":"2024-11-25T09:41:57","modified_gmt":"2024-11-25T08:41:57","slug":"sono-tornate-le-sentinelle-della-notte-a-messina","status":"publish","type":"post","link":"https:\/\/www.messinaoggi.it\/website\/2024\/11\/25\/sono-tornate-le-sentinelle-della-notte-a-messina\/","title":{"rendered":"Sono tornate le &#8220;Sentinelle della Notte&#8221; a Messina"},"content":{"rendered":"\n<p>Ritornano le \u201cSentinelle nella notte\u201d e illuminano le strade della nostra citt\u00e0 per condurre tutti coloro che incontrano verso la gioia vera che \u00e8 Cristo Ges\u00f9!<div id=\"div-gpt-ad-Messinaoggi.it-DSK-300x250-corpoart\" style=\"text-align:center;margin:0 auto;\"><\/div><\/p>\n\n\n\n<p>Sabato 23 novembre sempre presso la Chiesa \u201cS. Maria Annunziata dei Catalani\u201d dalle 21.30 alle 00.30 vi \u00e8 stata la prima Adorazione Eucaristica, presieduta da Padre Massimo Cucinotta (Direttore dell\u2019Ufficio Liturgico) e Missione territoriale del corrente anno pastorale. Gli altri due appuntamenti con le Sentinelle sono stati fissati per il 25 gennaio e il 15 marzo.<div id=\"videoincontent\" style=\"clear:both\";><\/div><\/p>\n\n\n\n<p>Ottima la partecipazione dei tanti giovani che si riversano per le vie del centro il sabato sera, in cerca di un p\u00f2 di spensieratezza, svago e\/o divertimento. Probabilmente nessuno di loro immaginava di incontrare a quell\u2019ora delle coppie di evangelizzatori e un frate, pronti ad ascoltarli, ad accoglierli, a donare quella Parola, l\u2019Unica che salva davvero e riempie il cuore di una gioia eterna! Fra Federico, il gruppo \u201cPadre Nostro \u2026 Padre di tutti\u201d, il CIIS (Conferenza Italiana per gli Istituti Secolari) e alcuni ragazzi del Santuario di Lourdes, inviati a due a due, hanno saputo coinvolgere tantissimi giovani che sono entrati in chiesa per pregare, scrivere un breve pensiero o confessarsi con i due sacerdoti presenti: padre Massimo Cucinotta e il domenicano padre Francesco Giannone.<\/p>\n\n\n\n<p>Il progetto pastorale \u201cSentinelle nella notte\u201d vede la collaborazione di alcuni Uffici e organismi diocesani (Ufficio Liturgico, Ufficio Migrantes, Ufficio Missionario, Ufficio Insegnamento Religione Cattolica, Pastorale Giovanile Diocesana, Pastorale Universitaria, Seminario Arcivescovile, Usmi, Ciis), ma anche il coinvolgimento di tantissime altre realt\u00e0 presenti a Messina. In questo primo appuntamento, oltre alle comunit\u00e0 gi\u00e0 citate, il Masci 1 \u201cIl Faro\u201d ha curato il servizio d\u2019ordine e l\u2019accoglienza, il coro della Parrocchia \u201cSanta Maria della Consolazione\u201d di Gravitelli Inferiore ha animato l\u2019Adorazione Eucaristica comunitaria, le Figlie del Divino Zelo si sono occupate dell\u2019Adorazione personale e silenziosa, intercalando riflessioni, preghiere, meditazioni.<\/p>\n\n\n\n<p>L\u2019unione, la collaborazione, la coesione, la cooperazione sono fondamentali per la buona riuscita di ogni attivit\u00e0, ma diventano anche segno tangibile della presenza di Dio che guida da sempre le \u201cSentinelle nella notte\u201d come una Comunit\u00e0 missionaria in cammino, che desidera la salvezza di ogni uomo!<\/p>\n","protected":false},"excerpt":{"rendered":"<p>Ritornano le \u201cSentinelle nella notte\u201d e illuminano le strade della nostra citt\u00e0 per condurre tutti coloro che incontrano verso la gioia vera che \u00e8 Cristo Ges\u00f9! Sabato 23 novembre sempre presso la Chiesa \u201cS. Maria Annunziata dei Catalani\u201d dalle 21.30 alle 00.30 vi \u00e8 stata la prima Adorazione Eucaristica, presieduta da Padre Massimo Cucinotta (Direttore [&hellip;]<\/p>\n","protected":false},"author":2,"featured_media":219586,"comment_status":"open","ping_status":"open","sticky":false,"template":"","format":"standard","meta":{"ub_ctt_via":"","_mi_skip_tracking":false},"categories":[5],"tags":[10914,10913,10912],"featured_image_src":"https:\/\/www.messinaoggi.it\/website\/wp-content\/uploads\/2024\/11\/Foto-2-1.jpg","author_info":{"display_name":"Redazione","author_link":"https:\/\/www.messinaoggi.it\/website\/author\/redazione\/"},"digistream_id":0,"digistream":false,"_links":{"self":[{"href":"https:\/\/www.messinaoggi.it\/website\/wp-json\/wp\/v2\/posts\/219585"}],"collection":[{"href":"https:\/\/www.messinaoggi.it\/website\/wp-json\/wp\/v2\/posts"}],"about":[{"href":"https:\/\/www.messinaoggi.it\/website\/wp-json\/wp\/v2\/types\/post"}],"author":[{"embeddable":true,"href":"https:\/\/www.messinaoggi.it\/website\/wp-json\/wp\/v2\/users\/2"}],"replies":[{"embeddable":true,"href":"https:\/\/www.messinaoggi.it\/website\/wp-json\/wp\/v2\/comments?post=219585"}],"version-history":[{"count":1,"href":"https:\/\/www.messinaoggi.it\/website\/wp-json\/wp\/v2\/posts\/219585\/revisions"}],"predecessor-version":[{"id":219587,"href":"https:\/\/www.messinaoggi.it\/website\/wp-json\/wp\/v2\/posts\/219585\/revisions\/219587"}],"wp:featuredmedia":[{"embeddable":true,"href":"https:\/\/www.messinaoggi.it\/website\/wp-json\/wp\/v2\/media\/219586"}],"wp:attachment":[{"href":"https:\/\/www.messinaoggi.it\/website\/wp-json\/wp\/v2\/media?parent=219585"}],"wp:term":[{"taxonomy":"category","embeddable":true,"href":"https:\/\/www.messinaoggi.it\/website\/wp-json\/wp\/v2\/categories?post=219585"},{"taxonomy":"post_tag","embeddable":true,"href":"https:\/\/www.messinaoggi.it\/website\/wp-json\/wp\/v2\/tags?post=219585"}],"curies":[{"name":"wp","href":"https:\/\/api.w.org\/{rel}","templated":true}]}}