{"id":21957,"date":"2018-07-14T13:58:33","date_gmt":"2018-07-14T11:58:33","guid":{"rendered":"http:\/\/www.messinaoggi.it\/website\/?p=21957"},"modified":"2018-07-14T13:58:33","modified_gmt":"2018-07-14T11:58:33","slug":"incidente-allo-svincolo-di-s-filippo-un-ferito-grave","status":"publish","type":"post","link":"https:\/\/www.messinaoggi.it\/website\/2018\/07\/14\/incidente-allo-svincolo-di-s-filippo-un-ferito-grave\/","title":{"rendered":"Incidente allo svincolo di S. Filippo: un ferito grave"},"content":{"rendered":"<p style=\"text-align: justify\"><span style=\"font-family: Arial, sans-serif\">Sono ancora in fase di accertamento quali sono le cause esatte, quel che \u00e8 certo al momento \u00e8 che \u00e8 rimasto gravemente ferito. Siamo allo svincolo di San Filippo, dove all&#8217;altezza del PalaRescifina ha appena avuto luogo un terribile incidente in cui risulta essere coinvolta una Ford C-Max, che \u00e8 sbandata per poi ribaltarsi rovinosamente sulla fiancata destra.<\/span><div id=\"div-gpt-ad-Messinaoggi.it-DSK-300x250-corpoart\" style=\"text-align:center;margin:0 auto;\"><\/div><\/p>\n<p><img loading=\"lazy\" class=\"alignnone size-medium wp-image-21959\" src=\"http:\/\/www.messinaoggi.it\/website\/wp-content\/uploads\/2018\/07\/incidente-allo-svincolo-san-filippo-ford-c-max-1-300x225.jpeg\" alt=\"\" width=\"300\" height=\"225\" \/><div id=\"videoincontent\" style=\"clear:both\";><\/div><\/p>\n<p style=\"text-align: justify\"><span style=\"font-family: Arial, sans-serif\">In gravi condizioni il conducente, un giovane trentasettenne che \u00e8 stato immediatamente trasferito al Policlinico in codice rosso. Fortunatamente, l&#8217;uomo non sembrerebbe essere in pericolo di vita.<\/span><\/p>\n<p style=\"text-align: justify\"><span style=\"font-family: Arial, sans-serif\">Sul posto la Polizia municipale e le forze dell&#8217;ordine che hanno interdetto al traffico lo svincolo per un&#8217;ora al fine di attuare tutti gli accertamenti del caso; presenti anche i Vigili del fuoco per estrarre il corpo del giovane.<\/span><\/p>\n","protected":false},"excerpt":{"rendered":"<p>Sono ancora in fase di accertamento quali sono le cause esatte, quel che \u00e8 certo al momento \u00e8 che \u00e8 rimasto gravemente ferito. Siamo allo svincolo di San Filippo, dove all&#8217;altezza del PalaRescifina ha appena avuto luogo un terribile incidente in cui risulta essere coinvolta una Ford C-Max, che \u00e8 sbandata per poi ribaltarsi rovinosamente [&hellip;]<\/p>\n","protected":false},"author":8,"featured_media":21958,"comment_status":"closed","ping_status":"open","sticky":false,"template":"","format":"standard","meta":{"ub_ctt_via":"","_mi_skip_tracking":false},"categories":[19],"tags":[],"featured_image_src":"https:\/\/www.messinaoggi.it\/website\/wp-content\/uploads\/2018\/07\/incidente-allo-svincolo-san-filippo-ford-c-max-2-1.jpeg","author_info":{"display_name":"red..me","author_link":"https:\/\/www.messinaoggi.it\/website\/author\/redstage\/"},"digistream_id":0,"digistream":false,"_links":{"self":[{"href":"https:\/\/www.messinaoggi.it\/website\/wp-json\/wp\/v2\/posts\/21957"}],"collection":[{"href":"https:\/\/www.messinaoggi.it\/website\/wp-json\/wp\/v2\/posts"}],"about":[{"href":"https:\/\/www.messinaoggi.it\/website\/wp-json\/wp\/v2\/types\/post"}],"author":[{"embeddable":true,"href":"https:\/\/www.messinaoggi.it\/website\/wp-json\/wp\/v2\/users\/8"}],"replies":[{"embeddable":true,"href":"https:\/\/www.messinaoggi.it\/website\/wp-json\/wp\/v2\/comments?post=21957"}],"version-history":[{"count":0,"href":"https:\/\/www.messinaoggi.it\/website\/wp-json\/wp\/v2\/posts\/21957\/revisions"}],"wp:featuredmedia":[{"embeddable":true,"href":"https:\/\/www.messinaoggi.it\/website\/wp-json\/wp\/v2\/media\/21958"}],"wp:attachment":[{"href":"https:\/\/www.messinaoggi.it\/website\/wp-json\/wp\/v2\/media?parent=21957"}],"wp:term":[{"taxonomy":"category","embeddable":true,"href":"https:\/\/www.messinaoggi.it\/website\/wp-json\/wp\/v2\/categories?post=21957"},{"taxonomy":"post_tag","embeddable":true,"href":"https:\/\/www.messinaoggi.it\/website\/wp-json\/wp\/v2\/tags?post=21957"}],"curies":[{"name":"wp","href":"https:\/\/api.w.org\/{rel}","templated":true}]}}