{"id":219313,"date":"2024-11-22T10:12:58","date_gmt":"2024-11-22T09:12:58","guid":{"rendered":"http:\/\/www.messinaoggi.it\/website\/?p=219313"},"modified":"2024-11-22T10:13:00","modified_gmt":"2024-11-22T09:13:00","slug":"il-103-e-lesodo-dei-giovani","status":"publish","type":"post","link":"https:\/\/www.messinaoggi.it\/website\/2024\/11\/22\/il-103-e-lesodo-dei-giovani\/","title":{"rendered":"Il 103 e l&#8217;esodo dei giovani&#8230;"},"content":{"rendered":"\n<p>Dica 103.<div id=\"div-gpt-ad-Messinaoggi.it-DSK-300x250-corpoart\" style=\"text-align:center;margin:0 auto;\"><\/div><\/p>\n\n\n\n<p>Imperativo: FARE QUADRATO!<div id=\"videoincontent\" style=\"clear:both\";><\/div><\/p>\n\n\n\n<p>Che cosa significa, nel contesto locale, fare rete, generare sistema, connettere distretti culturali, commerciali, industriali? <\/p>\n\n\n\n<p>A quali risorse economiche, valori identitari, piani strategici, modelli di relazioni sociali e istituzionali, attingere per sviluppare riflessione e azione?  Come migliorare la qualit\u00e0 della vita? <\/p>\n\n\n\n<p>Desidero solo sfiorare i risultati della ultima classifica.<\/p>\n\n\n\n<p>A me queste classifiche non convincono. In ogni caso, vivere a Messina, nella citt\u00e0 metropolitana di Messina, non mi sembra cos\u00ec pessimo, come la posizione 103 esprime. <\/p>\n\n\n\n<p>Ovviamente, non mi sfugge il dramma dell\u2019esodo di giovani (e meno giovani) in una realt\u00e0 che demograficamente \u00e8 sempre pi\u00f9 depressa. <\/p>\n\n\n\n<p>Significher\u00e0 qualcosa ma non dice tutto. Non dice tutto ma \u00e8 la madre di tutte le sfide. <\/p>\n\n\n\n<p>Gli attori interpellati a raccogliere questa ed altre sfide sono chiamati a parlarsi. A parlarsi in maniera sistematica, in convocazione perpetua, in seduta aperta \u2026 non ad incontrarsi per inaugurazioni o commemorazioni. <\/p>\n\n\n\n<p>Quali sono gli attori chiamati a fare quadrato? Certamente Comune, Ateneo, Camera di Commercio, Autorit\u00e0 di Sistema, Provveditorato, Ordini professionali, Curia, Prefettura, Asp. Fare quadrato in una circolarit\u00e0 virtuosa.<\/p>\n\n\n\n<p>Tra questi mi permetto di segnalare che, a mio avviso, quello decisivo (per il legame ed il lievito) \u00e8 l\u2019Universit\u00e0. <\/p>\n\n\n\n<p>Perch\u00e9? Presto detto. \u00c8 il centro di gravit\u00e0 permanente del \u201ccapitale umano\u201d. L\u2019universit\u00e0, prendendo a prestito una battuta da un film, non scommette sulla rovina del Paese \u2026 per vincere. <\/p>\n\n\n\n<p>Passare da una citt\u00e0 con l\u2019Universit\u00e0 a una citt\u00e0 universitaria \u00e8 stato tema affrontato dai tre candidati nell\u2019ultima corsa al Rettorato. Le posizioni e le proposizioni rispetto alla c.d. \u201cterza missione\u201d non erano distanti e se distanza vi era appare &#8211; in questo scorcio di nuovo corso &#8211; accorciata dal fecondo tentativo di recuperare in distensione e collaborazione.<\/p>\n\n\n\n<p>Resta da accorciare la distanza con il territorio \u2026 un territorio che deve poter essere competitivo.<\/p>\n\n\n\n<p>Leggo, nella presentazione di sintesi del nostro Ateneo, essenziali righe che richiamano &#8211; come giusto che sia &#8211; Tradizione e cambiamento al centro del Mediterraneo\u201d caratterizzandosi l\u2019Universit\u00e0 di Messina, citt\u00e0 cosmopolita, \u201cda sempre per la qualit\u00e0 della ricerca e della didattica e per la propria vocazione internazionale\u201d \u2026 essendo \u201cstata, fin dalle proprie origini, un luogo privilegiato per gli scambi tra culture diverse \u2026 culture senza frontiere\u201d. <\/p>\n\n\n\n<p>Ecco, nella presentazione e nella comunicazione ma sopratutto nell\u2019 imprinting e organizzazione, non si pu\u00f2 che auspicare un approccio ed un impianto impattante nel rapporto, di appartenenza bidirezionale, con la polis.<\/p>\n\n\n\n<p>Questo nodo va sciolto. L\u2019Universit\u00e0, nella sua \u201cterza missione\u201d \u00e8, anzitutto, in rapporto con la citt\u00e0, con la societ\u00e0, con la comunit\u00e0 pi\u00f9 prossima. <\/p>\n\n\n\n<p>Chiusa in un recinto di relazioni interne alla comunit\u00e0 scientifica, anche ove iper attenta agli studenti, efficacemente strutturata dal punto di vista amministrativo, consapevole della potenza come stazione appaltante \u2026 non \u00e8. <\/p>\n\n\n\n<p>Quella comunit\u00e0 se passiva e apatica, proprio l\u2019Universit\u00e0 &#8211; da motore di innovazione, propulsore di trasferimento tecnologico e di transizione digitale, attrattore di investimenti, fucina di  spin-off e le startup, diffusore di saperi anche oltre il perimetro accademico e di programmi di pubblico interesse, viatico dal provinciale all\u2019universale, presidio di umanesimo e rinascimento &#8211; pu\u00f2 trasformare in partecipativa, dinamica e qualificata nella impresa, nella intrapresa e nella occupazione, nella immissione di nuovi beni materiali e immateriali sul mercato e nella offerta di opportunit\u00e0.<\/p>\n\n\n\n<p>Messina 2030? Messina 2040? Messina 2050?<\/p>\n\n\n\n<p>La risposta \u00e8 \u201cinsieme\u201d le Istituzioni tutte, ciascuna con le proprie prerogative ed attribuzioni, ciascuna con un proprio autorevole profilo, attorno all\u2019Universit\u00e0 (con i suoi flussi di persone e personalit\u00e0, di idee e di ideali, di iniziative e di radicamenti, di scuole di pensiero e di piattaforme di lancio tra etica e business). <\/p>\n\n\n\n<p>Insieme \u2026 vento ed evento.<\/p>\n\n\n\n<p>Una Universit\u00e0 si al servizio della scienza, della didattica, della ricerca \u2026 ma una Universit\u00e0 che serve alla citt\u00e0 \u2026 una citt\u00e0 che serve alla Universit\u00e0.<\/p>\n\n\n\n<p>Una effervescente citt\u00e0 di luce, libert\u00e0, messa in discussione della autorit\u00e0 e della pigrizia. <\/p>\n\n\n\n<p class=\"has-text-align-right\"><strong>Emilio Fragale<\/strong><\/p>\n","protected":false},"excerpt":{"rendered":"<p>Dica 103. Imperativo: FARE QUADRATO! Che cosa significa, nel contesto locale, fare rete, generare sistema, connettere distretti culturali, commerciali, industriali? A quali risorse economiche, valori identitari, piani strategici, modelli di relazioni sociali e istituzionali, attingere per sviluppare riflessione e azione? Come migliorare la qualit\u00e0 della vita? Desidero solo sfiorare i risultati della ultima classifica. A [&hellip;]<\/p>\n","protected":false},"author":2,"featured_media":7605,"comment_status":"open","ping_status":"open","sticky":false,"template":"","format":"standard","meta":{"ub_ctt_via":"","_mi_skip_tracking":false},"categories":[12],"tags":[2608,10429],"featured_image_src":"https:\/\/www.messinaoggi.it\/website\/wp-content\/uploads\/2017\/09\/messina-dallalto-drone-cattedrale-messinaoggi-2.jpg","author_info":{"display_name":"Redazione","author_link":"https:\/\/www.messinaoggi.it\/website\/author\/redazione\/"},"digistream_id":0,"digistream":false,"_links":{"self":[{"href":"https:\/\/www.messinaoggi.it\/website\/wp-json\/wp\/v2\/posts\/219313"}],"collection":[{"href":"https:\/\/www.messinaoggi.it\/website\/wp-json\/wp\/v2\/posts"}],"about":[{"href":"https:\/\/www.messinaoggi.it\/website\/wp-json\/wp\/v2\/types\/post"}],"author":[{"embeddable":true,"href":"https:\/\/www.messinaoggi.it\/website\/wp-json\/wp\/v2\/users\/2"}],"replies":[{"embeddable":true,"href":"https:\/\/www.messinaoggi.it\/website\/wp-json\/wp\/v2\/comments?post=219313"}],"version-history":[{"count":1,"href":"https:\/\/www.messinaoggi.it\/website\/wp-json\/wp\/v2\/posts\/219313\/revisions"}],"predecessor-version":[{"id":219314,"href":"https:\/\/www.messinaoggi.it\/website\/wp-json\/wp\/v2\/posts\/219313\/revisions\/219314"}],"wp:featuredmedia":[{"embeddable":true,"href":"https:\/\/www.messinaoggi.it\/website\/wp-json\/wp\/v2\/media\/7605"}],"wp:attachment":[{"href":"https:\/\/www.messinaoggi.it\/website\/wp-json\/wp\/v2\/media?parent=219313"}],"wp:term":[{"taxonomy":"category","embeddable":true,"href":"https:\/\/www.messinaoggi.it\/website\/wp-json\/wp\/v2\/categories?post=219313"},{"taxonomy":"post_tag","embeddable":true,"href":"https:\/\/www.messinaoggi.it\/website\/wp-json\/wp\/v2\/tags?post=219313"}],"curies":[{"name":"wp","href":"https:\/\/api.w.org\/{rel}","templated":true}]}}