{"id":219051,"date":"2024-11-20T10:10:47","date_gmt":"2024-11-20T09:10:47","guid":{"rendered":"http:\/\/www.messinaoggi.it\/website\/?p=219051"},"modified":"2024-11-20T10:11:58","modified_gmt":"2024-11-20T09:11:58","slug":"adeguate-le-tariffe-al-franco-scoglio-e-palarescifina-soddisfatti-finocchiaro-e-pergolizzi","status":"publish","type":"post","link":"https:\/\/www.messinaoggi.it\/website\/2024\/11\/20\/adeguate-le-tariffe-al-franco-scoglio-e-palarescifina-soddisfatti-finocchiaro-e-pergolizzi\/","title":{"rendered":"Adeguate le tariffe al Franco Scoglio e Palarescifina, soddisfatti Finocchiaro e Pergolizzi"},"content":{"rendered":"\n<p>L\u2019esecutivo del sindaco <strong>Federico Basile<\/strong>, riunitosi ieri pomeriggio a Palazzo Zanca, nel corso dei lavori di Giunta ha approvato la delibera n. 584 del 19 novembre 2024, proposta dall\u2019assessore alle Politiche sportive <strong>Massimo Finocchiaro<\/strong>, avente ad oggetto l\u2019aggiornamento delle tariffe per l\u2019utilizzo dello stadio &#8220;Franco Scoglio&#8221; e del PalaRescifina, i due principali impianti sportivi cittadini, spesso teatro di eventi di grande rilevanza, non solo sportivi, ma anche musicali, culturali e di spettacolo.<div id=\"div-gpt-ad-Messinaoggi.it-DSK-300x250-corpoart\" style=\"text-align:center;margin:0 auto;\"><\/div><\/p>\n\n\n\n<p>&#8220;Si tratta di un adeguamento necessario \u2013 spiega l\u2019assessore Finocchiaro \u2013 in quanto occorreva rimodulare l\u2019attuale piano tariffario, fermo all\u2019approvazione con delibera di Giunta del 2018,  e anche per rispondere alle esigenze attuali e alle opportunit\u00e0 che queste strutture offrono. Lo stadio F. Scoglio e il Palarescifina sono due risorse preziose per la nostra citt\u00e0, capaci di ospitare eventi di grande richiamo che non solo generano un ritorno economico sul tessuto cittadino, ma offrono anche visibilit\u00e0 e prestigio a Messina. Con il nuovo piano tariffario, calibrato sulle specifiche caratteristiche e potenzialit\u00e0 ricettive di ciascun impianto, intendiamo valorizzare al meglio questi spazi e garantire una gestione sostenibile ed efficiente&#8221;.<div id=\"videoincontent\" style=\"clear:both\";><\/div><\/p>\n\n\n\n<figure class=\"wp-block-image size-large\"><img loading=\"lazy\" width=\"1024\" height=\"795\" src=\"http:\/\/www.messinaoggi.it\/website\/wp-content\/uploads\/2024\/11\/Ass-Finocchiaro-1024x795.jpg\" alt=\"\" class=\"wp-image-219059\" srcset=\"https:\/\/www.messinaoggi.it\/website\/wp-content\/uploads\/2024\/11\/Ass-Finocchiaro-1024x795.jpg 1024w, https:\/\/www.messinaoggi.it\/website\/wp-content\/uploads\/2024\/11\/Ass-Finocchiaro-300x233.jpg 300w, https:\/\/www.messinaoggi.it\/website\/wp-content\/uploads\/2024\/11\/Ass-Finocchiaro-768x596.jpg 768w, https:\/\/www.messinaoggi.it\/website\/wp-content\/uploads\/2024\/11\/Ass-Finocchiaro.jpg 1267w\" sizes=\"(max-width: 1024px) 100vw, 1024px\" \/><figcaption>L&#8217;assessore Massimo Finocchiaro<\/figcaption><\/figure>\n\n\n\n<p>&#8220;L&#8217;aggiornamento si basa sull&#8217;esperienza maturata negli ultimi anni, che ha visto un utilizzo sempre pi\u00f9 frequente di queste strutture per grandi eventi musicali e culturali, differenti per modalit\u00e0 di fruizione rispetto ad altre strutture cittadine come le palestre. Inoltre, \u00e8 stato colto anche l&#8217;input del presidente del Consiglio comunale, Nello Pergolizzi, che aveva evidenziato la necessit\u00e0 di rivedere le tariffe, ormai non pi\u00f9 adeguate rispetto alle esigenze di gestione e valorizzazione degli impianti&#8221; viene spiegato.<\/p>\n\n\n\n<p> &#8220;Ringrazio il presidente Pergolizzi per aver sollecitato questa revisione \u2013 aggiunge Finocchiaro \u2013 e per il contributo nel promuovere un dialogo costruttivo&#8221;. <\/p>\n\n\n\n<p>Nella nota si chiarisce che &#8220;il nuovo piano tariffario tiene conto del valore reale degli impianti, delle loro potenzialit\u00e0 e delle esigenze di manutenzione e miglioramento, cos\u00ec da garantire strutture adeguate agli standard richiesti per eventi di alto livello.&#8221;<\/p>\n\n\n\n<figure class=\"wp-block-image size-large is-resized\"><img loading=\"lazy\" src=\"http:\/\/www.messinaoggi.it\/website\/wp-content\/uploads\/2023\/05\/Pergolizzi.jpeg\" alt=\"Scoppia il caso dopo l'elezione del Presidente\" class=\"wp-image-157326\" width=\"582\" height=\"388\" srcset=\"https:\/\/www.messinaoggi.it\/website\/wp-content\/uploads\/2023\/05\/Pergolizzi.jpeg 400w, https:\/\/www.messinaoggi.it\/website\/wp-content\/uploads\/2023\/05\/Pergolizzi-300x200.jpeg 300w\" sizes=\"(max-width: 582px) 100vw, 582px\" \/><figcaption>Nello Pergolizzi <\/figcaption><\/figure>\n\n\n\n<p>&#8220;L\u2019obiettivo \u2013 conclude l\u2019Assessore \u2013 \u00e8 quello di fare dello Stadio Franco Scoglio e del Palarescifina due punti di riferimento non solo per lo sport, ma anche per la cultura e lo spettacolo, rafforzando il ruolo di Messina come polo attrattivo nel panorama regionale e nazionale.&#8221;<\/p>\n\n\n\n<p>\u201cQuesto adeguamento delle tariffe rappresenta un passo significativo verso la valorizzazione del nostro patrimonio comunale, &#8211; ha dichiarato il Presidente <strong>Nello Pergolizzi<\/strong>. &#8211; La revisione dei prezzi non solo permetter\u00e0 una gestione pi\u00f9 efficace delle strutture, ma consentir\u00e0 anche di destinare maggiori risorse alla loro manutenzione e al miglioramento, garantendo impianti pi\u00f9 adeguati agli standard richiesti e pi\u00f9 competitivi\u201d. <\/p>\n\n\n\n<p>&#8220;La nuova delibera testimonia l\u2019importanza di una visione condivisa e della stretta collaborazione tra le istituzioni del Comune, a beneficio dell\u2019intera comunit\u00e0. Questo intervento permetter\u00e0 di offrire una qualit\u00e0 dei servizi pi\u00f9 elevata per tutti i cittadini, rendendo lo Stadio Franco Scoglio e il PalaRescifina punti di riferimento per lo sport e le attivit\u00e0 collettive nella citt\u00e0 di Messina&#8221; conclude Pergolizzi in una sua nota. <\/p>\n","protected":false},"excerpt":{"rendered":"<p>L\u2019esecutivo del sindaco Federico Basile, riunitosi ieri pomeriggio a Palazzo Zanca, nel corso dei lavori di Giunta ha approvato la delibera n. 584 del 19 novembre 2024, proposta dall\u2019assessore alle Politiche sportive Massimo Finocchiaro, avente ad oggetto l\u2019aggiornamento delle tariffe per l\u2019utilizzo dello stadio &#8220;Franco Scoglio&#8221; e del PalaRescifina, i due principali impianti sportivi cittadini, [&hellip;]<\/p>\n","protected":false},"author":15,"featured_media":45116,"comment_status":"open","ping_status":"open","sticky":false,"template":"","format":"standard","meta":{"ub_ctt_via":"","_mi_skip_tracking":false},"categories":[4,6],"tags":[27,5161,2239,390,1141],"featured_image_src":"https:\/\/www.messinaoggi.it\/website\/wp-content\/uploads\/2020\/06\/lo-stadio-Franco-Scoglio-2.jpg","author_info":{"display_name":"red.me","author_link":"https:\/\/www.messinaoggi.it\/website\/author\/red-me\/"},"digistream_id":0,"digistream":false,"_links":{"self":[{"href":"https:\/\/www.messinaoggi.it\/website\/wp-json\/wp\/v2\/posts\/219051"}],"collection":[{"href":"https:\/\/www.messinaoggi.it\/website\/wp-json\/wp\/v2\/posts"}],"about":[{"href":"https:\/\/www.messinaoggi.it\/website\/wp-json\/wp\/v2\/types\/post"}],"author":[{"embeddable":true,"href":"https:\/\/www.messinaoggi.it\/website\/wp-json\/wp\/v2\/users\/15"}],"replies":[{"embeddable":true,"href":"https:\/\/www.messinaoggi.it\/website\/wp-json\/wp\/v2\/comments?post=219051"}],"version-history":[{"count":7,"href":"https:\/\/www.messinaoggi.it\/website\/wp-json\/wp\/v2\/posts\/219051\/revisions"}],"predecessor-version":[{"id":219061,"href":"https:\/\/www.messinaoggi.it\/website\/wp-json\/wp\/v2\/posts\/219051\/revisions\/219061"}],"wp:featuredmedia":[{"embeddable":true,"href":"https:\/\/www.messinaoggi.it\/website\/wp-json\/wp\/v2\/media\/45116"}],"wp:attachment":[{"href":"https:\/\/www.messinaoggi.it\/website\/wp-json\/wp\/v2\/media?parent=219051"}],"wp:term":[{"taxonomy":"category","embeddable":true,"href":"https:\/\/www.messinaoggi.it\/website\/wp-json\/wp\/v2\/categories?post=219051"},{"taxonomy":"post_tag","embeddable":true,"href":"https:\/\/www.messinaoggi.it\/website\/wp-json\/wp\/v2\/tags?post=219051"}],"curies":[{"name":"wp","href":"https:\/\/api.w.org\/{rel}","templated":true}]}}