{"id":219044,"date":"2024-11-20T08:47:38","date_gmt":"2024-11-20T07:47:38","guid":{"rendered":"http:\/\/www.messinaoggi.it\/website\/?p=219044"},"modified":"2024-11-20T08:47:40","modified_gmt":"2024-11-20T07:47:40","slug":"la-fauci-servono-agevolazioni-per-i-disabili-sui-bus","status":"publish","type":"post","link":"https:\/\/www.messinaoggi.it\/website\/2024\/11\/20\/la-fauci-servono-agevolazioni-per-i-disabili-sui-bus\/","title":{"rendered":"La Fauci: &#8220;Servono agevolazioni per i disabili sui bus&#8221;"},"content":{"rendered":"\n<p>\u00abHo presentato un&#8217;interrogazione all&#8217;ATM e all&#8217;amministrazione comunale per chiedere l&#8217;introduzione di agevolazioni tariffarie per i cittadini disabili nell&#8217;utilizzo del trasporto pubblico e delle strutture comunali come la piscina.<div id=\"div-gpt-ad-Messinaoggi.it-DSK-300x250-corpoart\" style=\"text-align:center;margin:0 auto;\"><\/div><\/p>\n\n\n\n<p>Attualmente a Messina, a differenza di molti altri comuni italiani, i cittadini disabili sono costretti a pagare la tariffa piena sia per l&#8217;utilizzo dei mezzi pubblici che per l&#8217;accesso alle strutture comunali. Una situazione che non tiene conto delle difficolt\u00e0 economiche che spesso gravano su queste persone e le loro famiglie.<div id=\"videoincontent\" style=\"clear:both\";><\/div><\/p>\n\n\n\n<p>Le spese per la mobilit\u00e0, le attivit\u00e0 sportive e riabilitative rappresentano un onere significativo per chi gi\u00e0 deve affrontare quotidianamente numerose sfide. \u00c8 necessario che la nostra citt\u00e0 si allinei alle pratiche virtuose di altri comuni, introducendo misure di gratuit\u00e0 o quantomeno di riduzione delle tariffe.<\/p>\n\n\n\n<p>Ho chiesto all&#8217;amministrazione e ad ATM di valutare concretamente questa possibilit\u00e0, studiando un sistema di agevolazioni che potrebbe essere differenziato in base al grado di disabilit\u00e0 e al reddito. \u00c8 importante capire quali sarebbero i costi e l&#8217;impatto sul bilancio di tali misure, ma \u00e8 ancora pi\u00f9 importante garantire a tutti i cittadini la piena accessibilit\u00e0 ai servizi pubblici.<\/p>\n\n\n\n<p>Una citt\u00e0 davvero inclusiva non pu\u00f2 prescindere da politiche che favoriscano la partecipazione di tutti alla vita sociale. Le agevolazioni tariffarie per i disabili non sono un privilegio, ma un dovere civico che l&#8217;amministrazione deve assumersi per garantire pari opportunit\u00e0 a tutti i cittadini.<\/p>\n\n\n\n<p>Attendiamo risposte concrete da parte dell&#8217;amministrazione e di ATM, nella speranza che Messina possa presto allinearsi alle migliori pratiche nazionali in tema di inclusione e sostegno alle persone con disabilit\u00e0\u00bb.<\/p>\n\n\n\n<p>Lo dichiara in una nota il vice presidente del Consiglio Comunale di Messina, Giandomenico La Fauci (Ora Sicilia).<\/p>\n","protected":false},"excerpt":{"rendered":"<p>\u00abHo presentato un&#8217;interrogazione all&#8217;ATM e all&#8217;amministrazione comunale per chiedere l&#8217;introduzione di agevolazioni tariffarie per i cittadini disabili nell&#8217;utilizzo del trasporto pubblico e delle strutture comunali come la piscina. Attualmente a Messina, a differenza di molti altri comuni italiani, i cittadini disabili sono costretti a pagare la tariffa piena sia per l&#8217;utilizzo dei mezzi pubblici che [&hellip;]<\/p>\n","protected":false},"author":2,"featured_media":23132,"comment_status":"open","ping_status":"open","sticky":false,"template":"","format":"standard","meta":{"ub_ctt_via":"","_mi_skip_tracking":false},"categories":[6],"tags":[1004,10890,3367],"featured_image_src":"https:\/\/www.messinaoggi.it\/website\/wp-content\/uploads\/2018\/08\/Giandomenico-La-Fauci-1.jpg","author_info":{"display_name":"Redazione","author_link":"https:\/\/www.messinaoggi.it\/website\/author\/redazione\/"},"digistream_id":0,"digistream":false,"_links":{"self":[{"href":"https:\/\/www.messinaoggi.it\/website\/wp-json\/wp\/v2\/posts\/219044"}],"collection":[{"href":"https:\/\/www.messinaoggi.it\/website\/wp-json\/wp\/v2\/posts"}],"about":[{"href":"https:\/\/www.messinaoggi.it\/website\/wp-json\/wp\/v2\/types\/post"}],"author":[{"embeddable":true,"href":"https:\/\/www.messinaoggi.it\/website\/wp-json\/wp\/v2\/users\/2"}],"replies":[{"embeddable":true,"href":"https:\/\/www.messinaoggi.it\/website\/wp-json\/wp\/v2\/comments?post=219044"}],"version-history":[{"count":2,"href":"https:\/\/www.messinaoggi.it\/website\/wp-json\/wp\/v2\/posts\/219044\/revisions"}],"predecessor-version":[{"id":219046,"href":"https:\/\/www.messinaoggi.it\/website\/wp-json\/wp\/v2\/posts\/219044\/revisions\/219046"}],"wp:featuredmedia":[{"embeddable":true,"href":"https:\/\/www.messinaoggi.it\/website\/wp-json\/wp\/v2\/media\/23132"}],"wp:attachment":[{"href":"https:\/\/www.messinaoggi.it\/website\/wp-json\/wp\/v2\/media?parent=219044"}],"wp:term":[{"taxonomy":"category","embeddable":true,"href":"https:\/\/www.messinaoggi.it\/website\/wp-json\/wp\/v2\/categories?post=219044"},{"taxonomy":"post_tag","embeddable":true,"href":"https:\/\/www.messinaoggi.it\/website\/wp-json\/wp\/v2\/tags?post=219044"}],"curies":[{"name":"wp","href":"https:\/\/api.w.org\/{rel}","templated":true}]}}