{"id":21904,"date":"2018-07-13T15:21:24","date_gmt":"2018-07-13T13:21:24","guid":{"rendered":"http:\/\/www.messinaoggi.it\/website\/?p=21904"},"modified":"2018-07-13T15:21:24","modified_gmt":"2018-07-13T13:21:24","slug":"referendum-comunali-i-radicali-presentano-il-comitato","status":"publish","type":"post","link":"https:\/\/www.messinaoggi.it\/website\/2018\/07\/13\/referendum-comunali-i-radicali-presentano-il-comitato\/","title":{"rendered":"Referendum comunali, i Radicali presentano il Comitato"},"content":{"rendered":"<p style=\"text-align: justify\">Anche Messina risponde presente, dando il via al Comitato per rendere praticabili i referendum comunali. Una proposta portati avanti in tutta Italia dai Radicali, rappresentati da Saro Visicaro, ma che ha gi\u00e0 raccolto l\u2019adesione di tre consiglieri comunali, vale a dire Alessandro Russo e Massimo Rizzo per il centrosinistra e Ugo Zante per il centrodestra. Ma anche del consigliere della IV Circoscrizione, Dino Smedile, senza dimenticare alcuni promotori come Nino Principato e Armando Siciliano. Il Comitato nasce dopo la campagna promossa dai Radicali di Messina, per la sottoscrizione di un impegno formale richiesto ai candidati delle ultime elezioni amministrative, e si propone di rendere immediata e concreta la possibilit\u00e0 di indire referendum popolari, favorendo la partecipazione democratica dei cittadini alla vita politica e amministrativa del Comune di Messina.<div id=\"div-gpt-ad-Messinaoggi.it-DSK-300x250-corpoart\" style=\"text-align:center;margin:0 auto;\"><\/div><\/p>\n<p style=\"text-align: justify\">Massimo impegno e adesione sono stati assicurati, in conferenza stampa, dal presidente Cardile e dai consiglieri comunali, in modo da rendere operativo lo strumento referendario e si \u00e8 parlato pure della necessit\u00e0 di dotarsi della figura del difensore civico. Tra i sottoscrittori figurano sei consiglieri comunali eletti, oltre al sindaco De Luca e le assessore Dafne Musolino e Alessandra Calafiore. Hanno anche sottoscritto il documento il consigliere della IV Circoscrizione Placido Smedile, Alessia Alessi, Armando Siciliano, Nino Principato e numerosi consiglieri di Circoscrizione.<div id=\"videoincontent\" style=\"clear:both\";><\/div><\/p>\n<p style=\"text-align: justify\">Saro Visicaro ha sottolineato i passaggi da eseguire affinch\u00e8 anche a Messina si possano eseguire i referendum comunali: \u201cDa 25 anni il Comune di Messina ha congelato la possibilit\u00e0 di indire i referendum, sono presenti nello statuto ma di fatto non sono mai stati realizzati. In passato c\u2019era la figura del difensore civico che avrebbe dovuto attivare le procedure, poi questa figura \u00e8 stata eliminata. Adesso manca una figura o un ufficio preposto a questo lavoro, qualsiasi voglia indire un referendum non sa a chi rivolgersi. Questo Comitato punta a riattivare questo percorso, perch\u00e9 \u00e8 giusto ricordare che il referendum \u00e8 lo strumento di democrazia partecipativa per eccellenza\u201d.<\/p>\n","protected":false},"excerpt":{"rendered":"<p>Anche Messina risponde presente, dando il via al Comitato per rendere praticabili i referendum comunali. Una proposta portati avanti in tutta Italia dai Radicali, rappresentati da Saro Visicaro, ma che ha gi\u00e0 raccolto l\u2019adesione di tre consiglieri comunali, vale a dire Alessandro Russo e Massimo Rizzo per il centrosinistra e Ugo Zante per il centrodestra. [&hellip;]<\/p>\n","protected":false},"author":14,"featured_media":21905,"comment_status":"closed","ping_status":"open","sticky":false,"template":"","format":"standard","meta":{"ub_ctt_via":"","_mi_skip_tracking":false},"categories":[4],"tags":[],"featured_image_src":"https:\/\/www.messinaoggi.it\/website\/wp-content\/uploads\/2018\/07\/radicali-1.jpg","author_info":{"display_name":"Antonio Macauda","author_link":"https:\/\/www.messinaoggi.it\/website\/author\/a-macauda\/"},"digistream_id":0,"digistream":false,"_links":{"self":[{"href":"https:\/\/www.messinaoggi.it\/website\/wp-json\/wp\/v2\/posts\/21904"}],"collection":[{"href":"https:\/\/www.messinaoggi.it\/website\/wp-json\/wp\/v2\/posts"}],"about":[{"href":"https:\/\/www.messinaoggi.it\/website\/wp-json\/wp\/v2\/types\/post"}],"author":[{"embeddable":true,"href":"https:\/\/www.messinaoggi.it\/website\/wp-json\/wp\/v2\/users\/14"}],"replies":[{"embeddable":true,"href":"https:\/\/www.messinaoggi.it\/website\/wp-json\/wp\/v2\/comments?post=21904"}],"version-history":[{"count":0,"href":"https:\/\/www.messinaoggi.it\/website\/wp-json\/wp\/v2\/posts\/21904\/revisions"}],"wp:featuredmedia":[{"embeddable":true,"href":"https:\/\/www.messinaoggi.it\/website\/wp-json\/wp\/v2\/media\/21905"}],"wp:attachment":[{"href":"https:\/\/www.messinaoggi.it\/website\/wp-json\/wp\/v2\/media?parent=21904"}],"wp:term":[{"taxonomy":"category","embeddable":true,"href":"https:\/\/www.messinaoggi.it\/website\/wp-json\/wp\/v2\/categories?post=21904"},{"taxonomy":"post_tag","embeddable":true,"href":"https:\/\/www.messinaoggi.it\/website\/wp-json\/wp\/v2\/tags?post=21904"}],"curies":[{"name":"wp","href":"https:\/\/api.w.org\/{rel}","templated":true}]}}