{"id":218928,"date":"2024-11-19T10:30:58","date_gmt":"2024-11-19T09:30:58","guid":{"rendered":"http:\/\/www.messinaoggi.it\/website\/?p=218928"},"modified":"2024-11-19T10:31:00","modified_gmt":"2024-11-19T09:31:00","slug":"ospedale-papardo-uil-riaprire-oncologia","status":"publish","type":"post","link":"https:\/\/www.messinaoggi.it\/website\/2024\/11\/19\/ospedale-papardo-uil-riaprire-oncologia\/","title":{"rendered":"Ospedale Papardo, Uil: &#8220;Riaprire Oncologia&#8221;"},"content":{"rendered":"\n<p>La Uil Messina scrive una nota al Presidente della Regione Siciliana  <strong>Renato Schifani<\/strong>, all\u2019assessora regionale alla Salute <strong>Giovanna Volo<\/strong>,  al dirigente generale del Dipartimento della Pianificazione strategica <strong>Salvatore Iacolino<\/strong> e per conoscenza al direttore generale dell&#8217;ospedale, per chiedere la riapertura del reparto di oncologia al Papardo.     <div id=\"div-gpt-ad-Messinaoggi.it-DSK-300x250-corpoart\" style=\"text-align:center;margin:0 auto;\"><\/div><\/p>\n\n\n\n<p>&#8220;Come \u00e8 ormai ben noto, le malattie oncologiche oltre a rappresentare una forte e dolorosa piaga sociale costituiscono una imponente voce di spesa del servizio sanitario regionale. Una parte preponderante di tale spesa \u00e8 utilizzata per rimborsare le spese sanitarie oncologiche fuori regione, per i cosiddetti viaggi della speranza. La regione Siciliana, al fine di diminuire tali spese sanitarie ed anche per attenuare i disagi ai cittadini utenti ed alle loro famiglie, ha posto tra i principali obiettivi da raggiungere da parte delle aziende sanitarie, la riduzione della migrazione extraregionale attraverso l\u2019organizzazione della rete oncologica. Ci\u00f2 premesso, in merito alla inaccettabile soppressione dei posti letto di oncologia, l\u2019azione amministrativa dell\u2019azienda ospedaliera Papardo che sembrerebbe essere stata concordata con l\u2019assessorato regionale della salute, appare fortemente in contrasto con l\u2019attuale rete ospedaliera, approvata con D.A. 629 del 31 marzo 2017, che per la suddetta unit\u00e0 operativa prevede n. 12 posti letto, incardinandoli nel modello organizzativo della rete oncologica della provincia di Messina. Purtroppo, ancora una volta si sta consumando un grave danno alla salute dei cittadini, con l\u2019assordante e complice silenzio della classe politica messinese. Appare, inoltre, pilatesca la mancata azione da parte dell\u2019assessorato regionale della salute che in merito alla denuncia della Uil Messina ha deliberatamente evitato di esprimersi, avallando il taglio della spesa sanitaria sulla pelle dei cittadini-utenti messinesi. Va avanti, il cinico disegno che punta alla demolizione della sanit\u00e0 pubblica e alla privatizzazione di servizi essenziali per la salute dei cittadini.  Tutto ci\u00f2 \u00e8 inaccettabile e merita una profonda riflessione da parte del governo regionale al fine di ripristinare la piena funzionalit\u00e0 del reparto di oncologia del Papardo attraverso l\u2019immediata riattivazione dei posti letto e dei ricoveri nel pieno rispetto di quanto previsto dalla vigente rete ospedaliera.  Si tratta di un provvedimento doveroso nei confronti di un\u2019utenza particolarmente fragile e sfortunata che merita il massimo rispetto e la doverosa attenzione da parte delle Istituzioni.&#8221; <div id=\"videoincontent\" style=\"clear:both\";><\/div><\/p>\n\n\n\n<p>A dirlo sono il segretario generale di Uil Fpl Messina <strong>Livio Andronico<\/strong>                  e il segretario generale di Uil Messina <strong>Ivan Tripodi<\/strong>.                                                           <\/p>\n","protected":false},"excerpt":{"rendered":"<p>La Uil Messina scrive una nota al Presidente della Regione Siciliana Renato Schifani, all\u2019assessora regionale alla Salute Giovanna Volo, al dirigente generale del Dipartimento della Pianificazione strategica Salvatore Iacolino e per conoscenza al direttore generale dell&#8217;ospedale, per chiedere la riapertura del reparto di oncologia al Papardo. &#8220;Come \u00e8 ormai ben noto, le malattie oncologiche oltre [&hellip;]<\/p>\n","protected":false},"author":15,"featured_media":58311,"comment_status":"open","ping_status":"open","sticky":false,"template":"","format":"standard","meta":{"ub_ctt_via":"","_mi_skip_tracking":false},"categories":[5,6],"tags":[954,2462,10521,1168,1338,115],"featured_image_src":"https:\/\/www.messinaoggi.it\/website\/wp-content\/uploads\/2021\/04\/AB058619-0640-4687-A24C-90E5200B41F6-scaled.jpeg","author_info":{"display_name":"red.me","author_link":"https:\/\/www.messinaoggi.it\/website\/author\/red-me\/"},"digistream_id":0,"digistream":false,"_links":{"self":[{"href":"https:\/\/www.messinaoggi.it\/website\/wp-json\/wp\/v2\/posts\/218928"}],"collection":[{"href":"https:\/\/www.messinaoggi.it\/website\/wp-json\/wp\/v2\/posts"}],"about":[{"href":"https:\/\/www.messinaoggi.it\/website\/wp-json\/wp\/v2\/types\/post"}],"author":[{"embeddable":true,"href":"https:\/\/www.messinaoggi.it\/website\/wp-json\/wp\/v2\/users\/15"}],"replies":[{"embeddable":true,"href":"https:\/\/www.messinaoggi.it\/website\/wp-json\/wp\/v2\/comments?post=218928"}],"version-history":[{"count":5,"href":"https:\/\/www.messinaoggi.it\/website\/wp-json\/wp\/v2\/posts\/218928\/revisions"}],"predecessor-version":[{"id":218933,"href":"https:\/\/www.messinaoggi.it\/website\/wp-json\/wp\/v2\/posts\/218928\/revisions\/218933"}],"wp:featuredmedia":[{"embeddable":true,"href":"https:\/\/www.messinaoggi.it\/website\/wp-json\/wp\/v2\/media\/58311"}],"wp:attachment":[{"href":"https:\/\/www.messinaoggi.it\/website\/wp-json\/wp\/v2\/media?parent=218928"}],"wp:term":[{"taxonomy":"category","embeddable":true,"href":"https:\/\/www.messinaoggi.it\/website\/wp-json\/wp\/v2\/categories?post=218928"},{"taxonomy":"post_tag","embeddable":true,"href":"https:\/\/www.messinaoggi.it\/website\/wp-json\/wp\/v2\/tags?post=218928"}],"curies":[{"name":"wp","href":"https:\/\/api.w.org\/{rel}","templated":true}]}}