{"id":218914,"date":"2024-11-19T09:21:03","date_gmt":"2024-11-19T08:21:03","guid":{"rendered":"http:\/\/www.messinaoggi.it\/website\/?p=218914"},"modified":"2024-11-19T09:21:04","modified_gmt":"2024-11-19T08:21:04","slug":"germana-traghetta-la-lega-verso-il-congresso-regionale","status":"publish","type":"post","link":"https:\/\/www.messinaoggi.it\/website\/2024\/11\/19\/germana-traghetta-la-lega-verso-il-congresso-regionale\/","title":{"rendered":"German\u00e0 &#8220;traghetta&#8221; la Lega verso il congresso regionale"},"content":{"rendered":"\n<p>\u201cIl percorso di costruzione della Lega in Sicilia prosegue, e nell\u2019attuale fase congressuale, la segreteria regionale ha condiviso la scelta di procedere con commissariamenti extraterritoriali, per garantire l&#8217;avvio di un processo di consolidamento e di crescita sul territorio. Ringrazio il deputato regionale Pippo Laccoto per aver accettato l\u2019incarico di Commissario della Lega per la provincia di Siracusa. La sua \u00e8 una scelta di garanzia, affidabilit\u00e0 ed esperienza, maturata in anni di attivit\u00e0 politica e amministrativa. Laccoto ha ricoperto numerosi ruoli di rilievo, dimostrando una profonda conoscenza delle dinamiche istituzionali e un\u2019abilit\u00e0 consolidata nel risolvere questioni complesse. La Lega intende affrontare le sfide locali con un approccio pragmatico, consapevole delle specificit\u00e0 di ciascuna area territoriale che richiede interventi mirati. La conoscenza diretta delle difficolt\u00e0 che affrontano le pubbliche amministrazioni, unita alla sua esperienza come sindaco, rende Laccoto la figura ideale per avviare un dialogo efficace e collaborativo con gli amministratori locali, valorizzando le istanze territoriali e traducendole in azioni politiche incisive. Siamo gi\u00e0 al lavoro per costruire una posizione politica, capace di essere un\u2019espressione pragmatica e coerente degli interessi dei territori\u201d. <div id=\"div-gpt-ad-Messinaoggi.it-DSK-300x250-corpoart\" style=\"text-align:center;margin:0 auto;\"><\/div><\/p>\n\n\n\n<p>Lo afferma il senatore <strong>Nino German\u00e0<\/strong>, commissario regionale della Lega.<div id=\"videoincontent\" style=\"clear:both\";><\/div><\/p>\n","protected":false},"excerpt":{"rendered":"<p>\u201cIl percorso di costruzione della Lega in Sicilia prosegue, e nell\u2019attuale fase congressuale, la segreteria regionale ha condiviso la scelta di procedere con commissariamenti extraterritoriali, per garantire l&#8217;avvio di un processo di consolidamento e di crescita sul territorio. Ringrazio il deputato regionale Pippo Laccoto per aver accettato l\u2019incarico di Commissario della Lega per la provincia [&hellip;]<\/p>\n","protected":false},"author":2,"featured_media":198257,"comment_status":"open","ping_status":"open","sticky":false,"template":"","format":"standard","meta":{"ub_ctt_via":"","_mi_skip_tracking":false},"categories":[6],"tags":[10881,1613,1082,6267],"featured_image_src":"https:\/\/www.messinaoggi.it\/website\/wp-content\/uploads\/2024\/05\/Durigon-e-Germana.jpg","author_info":{"display_name":"Redazione","author_link":"https:\/\/www.messinaoggi.it\/website\/author\/redazione\/"},"digistream_id":0,"digistream":false,"_links":{"self":[{"href":"https:\/\/www.messinaoggi.it\/website\/wp-json\/wp\/v2\/posts\/218914"}],"collection":[{"href":"https:\/\/www.messinaoggi.it\/website\/wp-json\/wp\/v2\/posts"}],"about":[{"href":"https:\/\/www.messinaoggi.it\/website\/wp-json\/wp\/v2\/types\/post"}],"author":[{"embeddable":true,"href":"https:\/\/www.messinaoggi.it\/website\/wp-json\/wp\/v2\/users\/2"}],"replies":[{"embeddable":true,"href":"https:\/\/www.messinaoggi.it\/website\/wp-json\/wp\/v2\/comments?post=218914"}],"version-history":[{"count":1,"href":"https:\/\/www.messinaoggi.it\/website\/wp-json\/wp\/v2\/posts\/218914\/revisions"}],"predecessor-version":[{"id":218915,"href":"https:\/\/www.messinaoggi.it\/website\/wp-json\/wp\/v2\/posts\/218914\/revisions\/218915"}],"wp:featuredmedia":[{"embeddable":true,"href":"https:\/\/www.messinaoggi.it\/website\/wp-json\/wp\/v2\/media\/198257"}],"wp:attachment":[{"href":"https:\/\/www.messinaoggi.it\/website\/wp-json\/wp\/v2\/media?parent=218914"}],"wp:term":[{"taxonomy":"category","embeddable":true,"href":"https:\/\/www.messinaoggi.it\/website\/wp-json\/wp\/v2\/categories?post=218914"},{"taxonomy":"post_tag","embeddable":true,"href":"https:\/\/www.messinaoggi.it\/website\/wp-json\/wp\/v2\/tags?post=218914"}],"curies":[{"name":"wp","href":"https:\/\/api.w.org\/{rel}","templated":true}]}}