{"id":218859,"date":"2024-11-18T18:02:58","date_gmt":"2024-11-18T17:02:58","guid":{"rendered":"http:\/\/www.messinaoggi.it\/website\/?p=218859"},"modified":"2024-11-18T18:03:12","modified_gmt":"2024-11-18T17:03:12","slug":"messina-la-consigliera-concetta-buonocuore-ufficializza-il-passaggio-a-forza-italia","status":"publish","type":"post","link":"https:\/\/www.messinaoggi.it\/website\/2024\/11\/18\/messina-la-consigliera-concetta-buonocuore-ufficializza-il-passaggio-a-forza-italia\/","title":{"rendered":"La consigliera Concetta Buonocuore ufficializza il passaggio a Forza Italia"},"content":{"rendered":"\n<p>Forza Italia rafforza la sua posizione nel Consiglio comunale di Messina con l&#8217;ingresso ufficiale della consigliera <strong>Concetta Buonocuore<\/strong> nel gruppo, affiancando cos\u00ec la consigliera <strong>Rosaria Di Ciuccio<\/strong>. <div id=\"div-gpt-ad-Messinaoggi.it-DSK-300x250-corpoart\" style=\"text-align:center;margin:0 auto;\"><\/div><\/p>\n\n\n\n<p>Eletta inizialmente con il Partito Democratico, la Buonocuore era poi transitata al Gruppo misto e aveva partecipato alle elezioni regionali a sostegno di Cateno De Luca. <div id=\"videoincontent\" style=\"clear:both\";><\/div><\/p>\n\n\n\n<p>La sua adesione \u00e8 stata ufficializzata alla presenza dell\u2019Assessore regionale alle attivit\u00e0 produttive <strong>Edy Tamajo<\/strong> e del coordinatore cittadino <strong>Antonio Barbera.<\/strong><\/p>\n\n\n\n<p>La consigliera ha spiegato le motivazioni del suo passaggio, sottolineando come Forza Italia rappresenti per lei un partito moderato, in linea con i suoi valori. <\/p>\n\n\n\n<p>&#8220;Dopo un&#8217;attenta riflessione, ho scelto di aderire con convinzione. Forza Italia, nonostante la scomparsa di Silvio Berlusconi, ha dimostrato di essere un partito vivo, che cresce e guarda al futuro con ottimismo,&#8221; ha dichiarato. Buonocore ha anche sottolineato il suo desiderio di contribuire con pragmatismo e concretezza alla politica cittadina.<\/p>\n\n\n\n<p>Il coordinatore cittadino, <strong>Antonio Barbera<\/strong>, ha accolto con entusiasmo l\u2019ingresso della consigliera, definendola una figura equilibrata e determinata: <\/p>\n\n\n\n<p>&#8220;Concetta rappresenta una donna forte, con la passione necessaria per affrontare i tanti problemi che la nostra citt\u00e0 vive quotidianamente. Il suo contributo sar\u00e0 fondamentale per il nostro progetto di crescita politica e istituzionale.<\/p>\n\n\n\n<p>L\u2019Assessore regionale Edy Tamajo ha evidenziato l\u2019attrattivit\u00e0 ritrovata di Forza Italia, descrivendola come &#8220;un partito che offre una casa a chi crede in una politica moderata, cattolica e liberale.&#8221; <\/p>\n\n\n\n<p>Tamajo ha espresso il suo sostegno alla consigliera, promettendo una squadra unita che la affiancher\u00e0 nel suo percorso politico: &#8220;Concetta non sar\u00e0 mai sola. Siamo qui per sostenerla, consapevoli del ruolo cruciale che pu\u00f2 giocare nella crescita della nostra comunit\u00e0 e del partito.&#8221;<\/p>\n\n\n\n<p>L\u2019adesione di Concetta Buonocuore a Forza Italia segna un altro passo verso il rafforzamento della presenza del partito nel tessuto istituzionale di Messina e della Sicilia, con uno sguardo rivolto ai valori e alle sfide future.<\/p>\n","protected":false},"excerpt":{"rendered":"<p>Forza Italia rafforza la sua posizione nel Consiglio comunale di Messina con l&#8217;ingresso ufficiale della consigliera Concetta Buonocuore nel gruppo, affiancando cos\u00ec la consigliera Rosaria Di Ciuccio. Eletta inizialmente con il Partito Democratico, la Buonocuore era poi transitata al Gruppo misto e aveva partecipato alle elezioni regionali a sostegno di Cateno De Luca. La sua [&hellip;]<\/p>\n","protected":false},"author":15,"featured_media":218861,"comment_status":"open","ping_status":"open","sticky":false,"template":"","format":"standard","meta":{"ub_ctt_via":"","_mi_skip_tracking":false},"categories":[4,6],"tags":[4491,4799,10876,6506,625],"featured_image_src":"https:\/\/www.messinaoggi.it\/website\/wp-content\/uploads\/2024\/11\/IMG-20241118-WA0028.jpg","author_info":{"display_name":"red.me","author_link":"https:\/\/www.messinaoggi.it\/website\/author\/red-me\/"},"digistream_id":0,"digistream":false,"_links":{"self":[{"href":"https:\/\/www.messinaoggi.it\/website\/wp-json\/wp\/v2\/posts\/218859"}],"collection":[{"href":"https:\/\/www.messinaoggi.it\/website\/wp-json\/wp\/v2\/posts"}],"about":[{"href":"https:\/\/www.messinaoggi.it\/website\/wp-json\/wp\/v2\/types\/post"}],"author":[{"embeddable":true,"href":"https:\/\/www.messinaoggi.it\/website\/wp-json\/wp\/v2\/users\/15"}],"replies":[{"embeddable":true,"href":"https:\/\/www.messinaoggi.it\/website\/wp-json\/wp\/v2\/comments?post=218859"}],"version-history":[{"count":2,"href":"https:\/\/www.messinaoggi.it\/website\/wp-json\/wp\/v2\/posts\/218859\/revisions"}],"predecessor-version":[{"id":218862,"href":"https:\/\/www.messinaoggi.it\/website\/wp-json\/wp\/v2\/posts\/218859\/revisions\/218862"}],"wp:featuredmedia":[{"embeddable":true,"href":"https:\/\/www.messinaoggi.it\/website\/wp-json\/wp\/v2\/media\/218861"}],"wp:attachment":[{"href":"https:\/\/www.messinaoggi.it\/website\/wp-json\/wp\/v2\/media?parent=218859"}],"wp:term":[{"taxonomy":"category","embeddable":true,"href":"https:\/\/www.messinaoggi.it\/website\/wp-json\/wp\/v2\/categories?post=218859"},{"taxonomy":"post_tag","embeddable":true,"href":"https:\/\/www.messinaoggi.it\/website\/wp-json\/wp\/v2\/tags?post=218859"}],"curies":[{"name":"wp","href":"https:\/\/api.w.org\/{rel}","templated":true}]}}