{"id":21884,"date":"2018-07-13T10:58:05","date_gmt":"2018-07-13T08:58:05","guid":{"rendered":"http:\/\/www.messinaoggi.it\/website\/?p=21884"},"modified":"2018-07-13T10:58:05","modified_gmt":"2018-07-13T08:58:05","slug":"rapine-nel-bergamasco-quattro-siciliani-arrestati-tra-cui-un-messinese","status":"publish","type":"post","link":"https:\/\/www.messinaoggi.it\/website\/2018\/07\/13\/rapine-nel-bergamasco-quattro-siciliani-arrestati-tra-cui-un-messinese\/","title":{"rendered":"Rapine nel Bergamasco: quattro siciliani arrestati, c&#039;\u00e8 anche un messinese"},"content":{"rendered":"<p><span style=\"font-family: Arial, sans-serif;\"><span style=\"font-size: medium;\"><span style=\"color: #1b1b1b;\">\u00c8 stata eseguita un&#8217;ordinanza di custodia cautelare in carcere emessa dal Tribunale di Bergamo nei confronti di quattro siciliani, tra i quali vi \u00e8 anche un messinese, in quanto accusati di rapina aggravata in concorso, sequestro di persona e detenzione abusiva di armi. Infatti, sulla base dell&#8217;indagine condotta dai Carabinieri della Compagnia di Treviglio (Bergamo) i quattro sono ritenuti responsabili di aver messo in atto una serie di rapine tra settembre e novembre del 2015 ai danni di tre banche operative nel bergamasco.<\/span><\/span><\/span><br \/>\n<span style=\"font-family: Arial, sans-serif;\"><span style=\"font-size: medium;\"><span style=\"color: #1b1b1b;\">In particolare, i Carabinieri del Nucleo Operativo della Compagnia di Catania Fontanarossa, con i colleghi dei comandi di San Gregorio di Catania, Salemi e Massa in Toscana, hanno arrestato Matteo Antonio Salvatore Riso, catanese di 24 anni gi\u00e0 sottoposto agli arresti domiciliari, Giuseppe Aiello, 37enne di Misterbianco gi\u00e0 domiciliato a Valverde, Salvatore Ettore Pandetta, 25enne di Mascalucia gi\u00e0 sottoposto ai domiciliari in una comunit\u00e0 a Salemi, e Giacomo Santoro, messinese di 34 anni gi\u00e0 detenuto nella carcere di Massa.<\/span><\/span><\/span><br \/>\n <div id=\"div-gpt-ad-Messinaoggi.it-DSK-300x250-corpoart\" style=\"text-align:center;margin:0 auto;\"><\/div><\/p>\n<div id=\"videoincontent\" style=\"clear:both\";><\/div>","protected":false},"excerpt":{"rendered":"<p>\u00c8 stata eseguita un&#8217;ordinanza di custodia cautelare in carcere emessa dal Tribunale di Bergamo nei confronti di quattro siciliani, tra i quali vi \u00e8 anche un messinese, in quanto accusati di rapina aggravata in concorso, sequestro di persona e detenzione abusiva di armi. Infatti, sulla base dell&#8217;indagine condotta dai Carabinieri della Compagnia di Treviglio (Bergamo) [&hellip;]<\/p>\n","protected":false},"author":8,"featured_media":5381,"comment_status":"closed","ping_status":"open","sticky":false,"template":"","format":"standard","meta":{"ub_ctt_via":"","_mi_skip_tracking":false},"categories":[5],"tags":[],"featured_image_src":"https:\/\/www.messinaoggi.it\/website\/wp-content\/uploads\/2017\/07\/carabinieri-112-1-2.jpg","author_info":{"display_name":"red..me","author_link":"https:\/\/www.messinaoggi.it\/website\/author\/redstage\/"},"digistream_id":0,"digistream":false,"_links":{"self":[{"href":"https:\/\/www.messinaoggi.it\/website\/wp-json\/wp\/v2\/posts\/21884"}],"collection":[{"href":"https:\/\/www.messinaoggi.it\/website\/wp-json\/wp\/v2\/posts"}],"about":[{"href":"https:\/\/www.messinaoggi.it\/website\/wp-json\/wp\/v2\/types\/post"}],"author":[{"embeddable":true,"href":"https:\/\/www.messinaoggi.it\/website\/wp-json\/wp\/v2\/users\/8"}],"replies":[{"embeddable":true,"href":"https:\/\/www.messinaoggi.it\/website\/wp-json\/wp\/v2\/comments?post=21884"}],"version-history":[{"count":0,"href":"https:\/\/www.messinaoggi.it\/website\/wp-json\/wp\/v2\/posts\/21884\/revisions"}],"wp:featuredmedia":[{"embeddable":true,"href":"https:\/\/www.messinaoggi.it\/website\/wp-json\/wp\/v2\/media\/5381"}],"wp:attachment":[{"href":"https:\/\/www.messinaoggi.it\/website\/wp-json\/wp\/v2\/media?parent=21884"}],"wp:term":[{"taxonomy":"category","embeddable":true,"href":"https:\/\/www.messinaoggi.it\/website\/wp-json\/wp\/v2\/categories?post=21884"},{"taxonomy":"post_tag","embeddable":true,"href":"https:\/\/www.messinaoggi.it\/website\/wp-json\/wp\/v2\/tags?post=21884"}],"curies":[{"name":"wp","href":"https:\/\/api.w.org\/{rel}","templated":true}]}}