{"id":218754,"date":"2024-11-18T09:40:06","date_gmt":"2024-11-18T08:40:06","guid":{"rendered":"http:\/\/www.messinaoggi.it\/website\/?p=218754"},"modified":"2024-11-18T09:40:08","modified_gmt":"2024-11-18T08:40:08","slug":"tornano-le-giornate-fai-per-le-scuole-calendario","status":"publish","type":"post","link":"https:\/\/www.messinaoggi.it\/website\/2024\/11\/18\/tornano-le-giornate-fai-per-le-scuole-calendario\/","title":{"rendered":"Tornano le giornate FAI per le scuole. CALENDARIO"},"content":{"rendered":"\n<p>Tornano le &#8220;Giornate FAI per le scuole&#8221;, un grande evento nazionale del FAI dedicato al mondo della scuola. Un\u2019esperienza di educazione tra pari per scoprire il patrimonio di storia, arte e natura italiano.<br>Nei giorni tra luned\u00ec 18 e sabato 23 novembre saranno aperti alcuni siti della provincia e della citt\u00e0 di Messina, un percorso di visite scolastiche esclusive per godere delle bellezze del nostro territorio.<br>Tutto ci\u00f2 sar\u00e0 possibile grazie agli studenti &#8221; Apprendisti Ciceroni \u00ae&#8221; giovani appositamente preparati dai loro docenti che illustreranno la storia e l&#8217;importanza del bene da visitare, realizzando cos\u00ec un momento di conoscenza personale e collettiva.<br><strong>Questo l\u2019elenco delle aperture della Delegazione FAI di Messina:<br><\/strong>Borgo di Capizzi \u2013 luned\u00ec 18 \/ gioved\u00ec 21 dalle 09.30 alle 13.30 a cura dell\u2019IC Capizzi \u2013 Cesar\u00f2 (ME);<br>Chiesa di S. Giovanni di Malta \u2013 marted\u00ec 19 \/ mercoled\u00ec 20 \/ gioved\u00ec 21 dalle 9.00 alle 13.00 a cura dell\u2019IC Pascoli \u2013 Crispi di Messina;<br>Fontana Orione &#8211; mercoled\u00ec 20 dalle 9.30 alle 12.30 a cura dell\u2019IC Mazzini \u2013 Gallo di Messina;<br>Palazzo Arena o dello Zodiaco &#8211; mercoled\u00ec 20 dalle 9.30 alle 12.30 a cura dell\u2019IC Mazzini \u2013 Gallo di Messina;<br>Chiesa Sant\u2019Antonio Abate &#8211; gioved\u00ec 21 \/ venerd\u00ec 22 dalle 08.00 alle 11.00 a cura del Liceo Maurolico di Messina;<br>Chiesa S. Maria Incoronata Camaro Superiore \u2013 venerd\u00ec 22 dalle 09.00 alle 13.00 a cura dell\u2019IC Gentiluomo \u2013 La Pira di Messina;<br>Borgo di Monforte S. Giorgio &#8211; venerd\u00ec 22 dalle 09.00 alle 12.30 a cura dell\u2019IC Torregrotta (ME);<br>Chiesa della Calispera Contesse &#8211; venerd\u00ec 22 dalle 09.00 alle 13.00 a cura dell\u2019IC Leopardi di Messina;<br>Castello di Spadafora &#8211; venerd\u00ec 22 dalle 09.30 alle 12.30 a cura del Liceo Scientifico Galilei \u2013 Spadafora(ME);<br>Palazzo Iemmolo Itala \u2013 venerd\u00ec 22 \/ sabato 23 09.00 alle 12.30 a cura dell\u2019IC Al\u00ec Terme di Messina<div id=\"div-gpt-ad-Messinaoggi.it-DSK-300x250-corpoart\" style=\"text-align:center;margin:0 auto;\"><\/div><\/p>\n<div id=\"videoincontent\" style=\"clear:both\";><\/div>","protected":false},"excerpt":{"rendered":"<p>Tornano le &#8220;Giornate FAI per le scuole&#8221;, un grande evento nazionale del FAI dedicato al mondo della scuola. Un\u2019esperienza di educazione tra pari per scoprire il patrimonio di storia, arte e natura italiano.Nei giorni tra luned\u00ec 18 e sabato 23 novembre saranno aperti alcuni siti della provincia e della citt\u00e0 di Messina, un percorso di [&hellip;]<\/p>\n","protected":false},"author":2,"featured_media":218755,"comment_status":"open","ping_status":"open","sticky":false,"template":"","format":"standard","meta":{"ub_ctt_via":"","_mi_skip_tracking":false},"categories":[5],"tags":[10858,10857,10423],"featured_image_src":"https:\/\/www.messinaoggi.it\/website\/wp-content\/uploads\/2024\/11\/image.png","author_info":{"display_name":"Redazione","author_link":"https:\/\/www.messinaoggi.it\/website\/author\/redazione\/"},"digistream_id":0,"digistream":false,"_links":{"self":[{"href":"https:\/\/www.messinaoggi.it\/website\/wp-json\/wp\/v2\/posts\/218754"}],"collection":[{"href":"https:\/\/www.messinaoggi.it\/website\/wp-json\/wp\/v2\/posts"}],"about":[{"href":"https:\/\/www.messinaoggi.it\/website\/wp-json\/wp\/v2\/types\/post"}],"author":[{"embeddable":true,"href":"https:\/\/www.messinaoggi.it\/website\/wp-json\/wp\/v2\/users\/2"}],"replies":[{"embeddable":true,"href":"https:\/\/www.messinaoggi.it\/website\/wp-json\/wp\/v2\/comments?post=218754"}],"version-history":[{"count":1,"href":"https:\/\/www.messinaoggi.it\/website\/wp-json\/wp\/v2\/posts\/218754\/revisions"}],"predecessor-version":[{"id":218756,"href":"https:\/\/www.messinaoggi.it\/website\/wp-json\/wp\/v2\/posts\/218754\/revisions\/218756"}],"wp:featuredmedia":[{"embeddable":true,"href":"https:\/\/www.messinaoggi.it\/website\/wp-json\/wp\/v2\/media\/218755"}],"wp:attachment":[{"href":"https:\/\/www.messinaoggi.it\/website\/wp-json\/wp\/v2\/media?parent=218754"}],"wp:term":[{"taxonomy":"category","embeddable":true,"href":"https:\/\/www.messinaoggi.it\/website\/wp-json\/wp\/v2\/categories?post=218754"},{"taxonomy":"post_tag","embeddable":true,"href":"https:\/\/www.messinaoggi.it\/website\/wp-json\/wp\/v2\/tags?post=218754"}],"curies":[{"name":"wp","href":"https:\/\/api.w.org\/{rel}","templated":true}]}}