{"id":21851,"date":"2018-07-12T15:23:00","date_gmt":"2018-07-12T13:23:00","guid":{"rendered":"http:\/\/www.messinaoggi.it\/website\/?p=21851"},"modified":"2018-07-12T15:23:00","modified_gmt":"2018-07-12T13:23:00","slug":"via-don-blasco-mondello-allontana-lo-scontro-con-la-regione-inviata-la-documentazione-richiesta","status":"publish","type":"post","link":"https:\/\/www.messinaoggi.it\/website\/2018\/07\/12\/via-don-blasco-mondello-allontana-lo-scontro-con-la-regione-inviata-la-documentazione-richiesta\/","title":{"rendered":"Via Don Blasco, Mondello allontana lo scontro con la Regione: &quot;Inviata la documentazione richiesta&quot;"},"content":{"rendered":"<p style=\"text-align: justify\">L\u2019ultimo stop alla nuova via Don Blasco, la Regione lo ha dato ad inizio giugno chiedendo la valutazione d\u2019impatto ambientale. Una richiesta che fece andare su tutte le furie l\u2019amministrazione Accorinti, che riteneva superflua la richiesta da parte dell\u2019Assessorato all\u2019Ambiente e al Territorio, tanto da limare finire pronta allo scontro sotto il profilo giudiziario. La giunta De Luca, per\u00f2, non sembra propensa ad arrivare al muro contro muro con Palermo, ma dall\u2019altra parte c\u2019\u00e8 da iniziare un profondo confronto con il Consorzio Medil, che dopo aver vinto la gara vuole iniziare a mettersi all\u2019opera.<div id=\"div-gpt-ad-Messinaoggi.it-DSK-300x250-corpoart\" style=\"text-align:center;margin:0 auto;\"><\/div><\/p>\n<p style=\"text-align: justify\">L\u2019assessore ai Lavori Pubblici, Salvatore Mondello \u00e8 gi\u00e0 al lavoro: \u201cE\u2019 una criticit\u00e0 che andava affrontata da subito, abbiamo trasmesso tutti i documenti necessari per la valutazione ambientale e ci siamo gi\u00e0 messi in contatto con gli uffici regionali, vogliamo risolvere tutto nel pi\u00f9 breve tempo possibile\u201d. Dunque \u00e8 evidente il cambio di passo rispetto al recente passato, quando Palazzo Zanca era pronto allo scontro legale per far valere le proprie ragioni: <em>\u201cE\u2019 nel nostro interesse arrivare a risolvere tutto nel pi\u00f9 breve tempo possibile \u2013 ha dichiarato Mondello \u2013 faccio un discorso tecnico, non entro nel merito delle scelte politiche, ma questa strada che stiamo seguendo \u00e8 quella che ci permetter\u00e0 di far partire il cantiere nel pi\u00f9 breve tempo possibile. Adesso \u00e8 difficile quantificare, ma noi ci siamo subito interessati alla vicenda per cercare di velocizzare tutto l\u2019iter per poter riattivare il cantiere nel pi\u00f9 breve tempo possibile\u201d<\/em>. Il rischio, semmai, \u00e8 quello di un contenzioso con il Consorzio Medil con cui Mondello si incontrer\u00e0 tra pochi giorni: \u201c<em>Incontrer\u00f2 i vertici dell\u2019azienda gi\u00e0 la prossima settimana, una volta che conosceremo le loro intenzioni ci regoleremo di conseguenza\u201d. \u00a0<\/em><div id=\"videoincontent\" style=\"clear:both\";><\/div><\/p>\n","protected":false},"excerpt":{"rendered":"<p>L\u2019ultimo stop alla nuova via Don Blasco, la Regione lo ha dato ad inizio giugno chiedendo la valutazione d\u2019impatto ambientale. Una richiesta che fece andare su tutte le furie l\u2019amministrazione Accorinti, che riteneva superflua la richiesta da parte dell\u2019Assessorato all\u2019Ambiente e al Territorio, tanto da limare finire pronta allo scontro sotto il profilo giudiziario. La [&hellip;]<\/p>\n","protected":false},"author":14,"featured_media":21852,"comment_status":"closed","ping_status":"open","sticky":false,"template":"","format":"standard","meta":{"ub_ctt_via":"","_mi_skip_tracking":false},"categories":[6],"tags":[],"featured_image_src":"https:\/\/www.messinaoggi.it\/website\/wp-content\/uploads\/2018\/07\/mondello-1.jpg","author_info":{"display_name":"Antonio Macauda","author_link":"https:\/\/www.messinaoggi.it\/website\/author\/a-macauda\/"},"digistream_id":0,"digistream":false,"_links":{"self":[{"href":"https:\/\/www.messinaoggi.it\/website\/wp-json\/wp\/v2\/posts\/21851"}],"collection":[{"href":"https:\/\/www.messinaoggi.it\/website\/wp-json\/wp\/v2\/posts"}],"about":[{"href":"https:\/\/www.messinaoggi.it\/website\/wp-json\/wp\/v2\/types\/post"}],"author":[{"embeddable":true,"href":"https:\/\/www.messinaoggi.it\/website\/wp-json\/wp\/v2\/users\/14"}],"replies":[{"embeddable":true,"href":"https:\/\/www.messinaoggi.it\/website\/wp-json\/wp\/v2\/comments?post=21851"}],"version-history":[{"count":0,"href":"https:\/\/www.messinaoggi.it\/website\/wp-json\/wp\/v2\/posts\/21851\/revisions"}],"wp:featuredmedia":[{"embeddable":true,"href":"https:\/\/www.messinaoggi.it\/website\/wp-json\/wp\/v2\/media\/21852"}],"wp:attachment":[{"href":"https:\/\/www.messinaoggi.it\/website\/wp-json\/wp\/v2\/media?parent=21851"}],"wp:term":[{"taxonomy":"category","embeddable":true,"href":"https:\/\/www.messinaoggi.it\/website\/wp-json\/wp\/v2\/categories?post=21851"},{"taxonomy":"post_tag","embeddable":true,"href":"https:\/\/www.messinaoggi.it\/website\/wp-json\/wp\/v2\/tags?post=21851"}],"curies":[{"name":"wp","href":"https:\/\/api.w.org\/{rel}","templated":true}]}}