{"id":218492,"date":"2024-11-15T09:57:57","date_gmt":"2024-11-15T08:57:57","guid":{"rendered":"http:\/\/www.messinaoggi.it\/website\/?p=218492"},"modified":"2024-11-15T09:57:59","modified_gmt":"2024-11-15T08:57:59","slug":"vogliamo-lacqua-dal-rubinetto-scende-in-piazza-consegneremo-firme-al-sindaco","status":"publish","type":"post","link":"https:\/\/www.messinaoggi.it\/website\/2024\/11\/15\/vogliamo-lacqua-dal-rubinetto-scende-in-piazza-consegneremo-firme-al-sindaco\/","title":{"rendered":"Vogliamo l&#8217;acqua dal rubinetto scende in piazza: &#8220;Consegneremo firme al sindaco&#8221;"},"content":{"rendered":"\n<p>Il Comitato <em><strong>&#8220;Vogliamo l&#8217;acqua dal rubinetto!&#8221;<\/strong><\/em>, <a href=\"https:\/\/www.messinaoggi.it\/website\/2024\/10\/31\/crisi-idrica-nasce-il-comitato-vogliamo-lacqua-dal-rubinetto-e-raccoglie-firme-per-essere-sentito-dal-sindaco\/\" data-type=\"URL\" data-id=\"https:\/\/www.messinaoggi.it\/website\/2024\/10\/31\/crisi-idrica-nasce-il-comitato-vogliamo-lacqua-dal-rubinetto-e-raccoglie-firme-per-essere-sentito-dal-sindaco\/\">nato in citt\u00e0 ad ottobre scorso<\/a> da una serie di assemblee autoorganizzate in piazza sulla questione emergenza idrica che ormai da tempo attanaglia Messina, ha scritto una lettera aperta, nello stesso mese di ottobre, al sindaco <strong>Federico Basile<\/strong>, chiedendogli ufficialmente per pec un appuntamento (si tratta ormai di un mese fa).<div id=\"div-gpt-ad-Messinaoggi.it-DSK-300x250-corpoart\" style=\"text-align:center;margin:0 auto;\"><\/div><\/p>\n\n\n\n<p><br>Questa lettera \u00e8 anche una petizione popolare, che ha gi\u00e0 raccolto circa un migliaio di firme, tra quelle online e quelle cartacee raccolte in diversi banchetti nei mercati cittadini.<div id=\"videoincontent\" style=\"clear:both\";><\/div><\/p>\n\n\n\n<p><br>Non avendo sinora ricevuto alcuna risposta ufficiale dal primo cittadino, sabato 16 novembre dalle ore 10:00 il Comitato sar\u00e0 presente a Piazza Unione Europea (gi\u00e0 Piazza Municipio) per un sit-in di protesta con conferenza stampa alla presenza dei giornalisti, durante il quale una delegazione salir\u00e0 a Palazzo Zanca a consegnare di persona le firme raccolte al sindaco stesso. <\/p>\n\n\n\n<p>Questa la lettera <a href=\"https:\/\/www.change.org\/p\/vogliamo-l-acqua-dal-rubinetto?recruiter=1355344370&amp;recruited_by_id=7a514db0-8d30-11ef-a354-6335f1954a93&amp;utm_source=share_petition&amp;utm_campaign=share_for_starters_page&amp;utm_medium=whatsapp\" data-type=\"URL\" data-id=\"https:\/\/www.change.org\/p\/vogliamo-l-acqua-dal-rubinetto?recruiter=1355344370&amp;recruited_by_id=7a514db0-8d30-11ef-a354-6335f1954a93&amp;utm_source=share_petition&amp;utm_campaign=share_for_starters_page&amp;utm_medium=whatsapp\"><strong>(si pu\u00f2 firmare qui)<\/strong><\/a><\/p>\n\n\n\n<p>Al Sindaco della citt\u00e0 metropolitana di Messina <\/p>\n\n\n\n<p>Dott. Federico Basile<\/p>\n\n\n\n<p>Siamo un gruppo di persone che vivono nella citt\u00e0 metropolitana di Messina e che in queste settimane si sono autoorganizzate, con assemblee pubbliche, nel Comitato &#8220;Vogliamo l&#8217;acqua dal rubinetto!&#8221;, per chiedere che vengano garantite normali condizioni di erogazione dell&#8217;acqua che corrispondano alla \u201cretorica dell\u2019acqua H24\u201d tanto sbandierata da questa amministrazione.L&#8217;acqua \u00e8 un bene comune, e la sua gestione deve essere pubblica, cos\u00ec come previsto dal Referendum abrogativo sui servizi idrici vinto con il 95% di S\u00ec nel 2011. Che sia pubblica non lo afferma solo l&#8217;assetto proprietario dell\u2019ente che ne gestisce il servizio, ma anche il fatto che il bene primario per eccellenza non dovrebbe essere oggetto di diatribe politiche e che la nostra voce dovrebbe avere un peso nelle scelte che vengono adottate.Per questo esprimiamo la nostra preoccupazione per la decisione presa dalla Commissaria all\u2019Assemblea Territoriale Idrica di Messina, dott.ssa Rosaria Barresi, che ha predisposto gli atti per la costituzione di una societ\u00e0 mista (pubblico \u2013 privato) per la gestione del Servizio Idrico Integrato, andando di fatto contro il volere dell\u2019assemblea dei sindaci della citt\u00e0 metropolitana, la quale aveva deliberato per una gestione totalmente pubblica dell\u2019acqua. Riteniamo che la scelta fatta dalla Commissaria sia antidemocratica perch\u00e9 va contro il volere non solo dell\u2019ATI, ma di tutte le milioni di persone che con il Referendum del 2011 si erano chiaramente espresse in favore dell\u2019acqua pubblica. La gestione mista di fatto sarebbe utile soltanto per il socio privato, il cui unico scopo \u00e8 quello di fare profitto a danno delle nostre tasche. Chiediamo quindi al Sindaco di operare affinch\u00e9 venga scongiurato il pericolo che un privato possa mettere le mani sull\u2019acqua bene comune.Da mesi interi villaggi della nostra citt\u00e0 soffrono la quasi totale mancanza d&#8217;acqua, o un pesante razionamento con sole pochissime ore di erogazione al giorno, anche di acqua non potabile o inquinata, e questo \u00e8 inaccettabile! I cambiamenti climatici, la siccit\u00e0 e la desertificazione, fenomeni che indiscutibilmente e gravemente affliggono sempre di pi\u00f9 la nostra epoca e la nostra Sicilia, non possono essere addotti, se non strumentalmente, a giustificazione della crisi idrica attuale, le cui cause sono piuttosto da individuare nelle passate e recenti scelte politiche sbagliate e in una rete idrica resa vetusta e colabrodo da una pessima programmazione.Noi pertanto paghiamo per intero un servizio che funziona in misura sostanzialmente ridotta, come dimostrano non solo i guasti ma anche le usuali turnazioni dell&#8217;erogazione.Quando il movimento no ponte urla da decenni lo slogan &#8220;Vogliamo l\u2019acqua dal rubinetto e non il ponte sullo Stretto!&#8221; esprime una reale esigenza primaria dalla quale non si pu\u00f2 prescindere. I soldi per le infrastrutture fondamentali, come avere acquedotti integri, sarebbero l&#8217;investimento pubblico pi\u00f9 apprezzato dalla comunit\u00e0 messinese, stanca di leggere le note dell\u2019Amam che ci raccontano che oggi c&#8217;\u00e8 stato un blackout alla linea elettrica che mette in funzione le pompe idrauliche, ieri una frana che ha rotto la tubazione, domani sar\u00e0 un periodo siccitoso, dopodomani un guasto al sistema elettronico della distribuzione\u2026Noi, dunque, chiediamo di tornare a godere presto di questo fondamentale diritto, ovvero quello di vivere degnamente la nostra quotidianit\u00e0 senza imprecare per un po&#8217; d&#8217;acqua che sgorghi dal rubinetto come se fosse un favore!L&#8217;acqua invece \u00e8 un diritto di tutte e tutti, e quindi \u00e8 un diritto anche dell&#8217;intera comunit\u00e0 messinese, ormai esasperata da mesi di &#8220;emergenza idrica&#8221;: chiediamo pertanto a Lei, quale massima autorit\u00e0 sanitaria del nostro territorio, di riceverci al pi\u00f9 presto allo scopo di ascoltare la nostra protesta, di farci conoscere i motivi reali di questa crisi e di impegnarsi con azioni immediate e concrete per risolverla!<\/p>\n\n\n\n<p>Messina, 16\/10\/2024<\/p>\n\n\n\n<p>Comitato \u201cVogliamo l\u2019acqua dal rubinetto!\u201d<\/p>\n\n\n\n<p><\/p>\n","protected":false},"excerpt":{"rendered":"<p>Il Comitato &#8220;Vogliamo l&#8217;acqua dal rubinetto!&#8221;, nato in citt\u00e0 ad ottobre scorso da una serie di assemblee autoorganizzate in piazza sulla questione emergenza idrica che ormai da tempo attanaglia Messina, ha scritto una lettera aperta, nello stesso mese di ottobre, al sindaco Federico Basile, chiedendogli ufficialmente per pec un appuntamento (si tratta ormai di un [&hellip;]<\/p>\n","protected":false},"author":15,"featured_media":218500,"comment_status":"open","ping_status":"open","sticky":false,"template":"","format":"standard","meta":{"ub_ctt_via":"","_mi_skip_tracking":false},"categories":[5,6],"tags":[8313,9796,10161,2972,5555,10737],"featured_image_src":"https:\/\/www.messinaoggi.it\/website\/wp-content\/uploads\/2024\/11\/Screenshot_20241115_095727_Chrome.jpg","author_info":{"display_name":"red.me","author_link":"https:\/\/www.messinaoggi.it\/website\/author\/red-me\/"},"digistream_id":0,"digistream":false,"_links":{"self":[{"href":"https:\/\/www.messinaoggi.it\/website\/wp-json\/wp\/v2\/posts\/218492"}],"collection":[{"href":"https:\/\/www.messinaoggi.it\/website\/wp-json\/wp\/v2\/posts"}],"about":[{"href":"https:\/\/www.messinaoggi.it\/website\/wp-json\/wp\/v2\/types\/post"}],"author":[{"embeddable":true,"href":"https:\/\/www.messinaoggi.it\/website\/wp-json\/wp\/v2\/users\/15"}],"replies":[{"embeddable":true,"href":"https:\/\/www.messinaoggi.it\/website\/wp-json\/wp\/v2\/comments?post=218492"}],"version-history":[{"count":7,"href":"https:\/\/www.messinaoggi.it\/website\/wp-json\/wp\/v2\/posts\/218492\/revisions"}],"predecessor-version":[{"id":218499,"href":"https:\/\/www.messinaoggi.it\/website\/wp-json\/wp\/v2\/posts\/218492\/revisions\/218499"}],"wp:featuredmedia":[{"embeddable":true,"href":"https:\/\/www.messinaoggi.it\/website\/wp-json\/wp\/v2\/media\/218500"}],"wp:attachment":[{"href":"https:\/\/www.messinaoggi.it\/website\/wp-json\/wp\/v2\/media?parent=218492"}],"wp:term":[{"taxonomy":"category","embeddable":true,"href":"https:\/\/www.messinaoggi.it\/website\/wp-json\/wp\/v2\/categories?post=218492"},{"taxonomy":"post_tag","embeddable":true,"href":"https:\/\/www.messinaoggi.it\/website\/wp-json\/wp\/v2\/tags?post=218492"}],"curies":[{"name":"wp","href":"https:\/\/api.w.org\/{rel}","templated":true}]}}