{"id":21839,"date":"2018-07-12T08:17:03","date_gmt":"2018-07-12T06:17:03","guid":{"rendered":"http:\/\/www.messinaoggi.it\/website\/?p=21839"},"modified":"2018-07-12T08:17:03","modified_gmt":"2018-07-12T06:17:03","slug":"incontro-area-dello-stretto-lopinione-di-bisignano","status":"publish","type":"post","link":"https:\/\/www.messinaoggi.it\/website\/2018\/07\/12\/incontro-area-dello-stretto-lopinione-di-bisignano\/","title":{"rendered":"Incontro area dello Stretto, l&#039;opinione di Bisignano"},"content":{"rendered":"<p style=\"text-align: justify\">\u201cNei giorni scorsi, alla Camera di Commercio, si \u00e8 svolto un significativo incontro relativo allo sviluppo dell&#8217;area dello Stretto. Per la prima volta a Messina si sono confrontati alcuni rappresentanti del ricostituito Ufficio di Presidenza della Conferenza Interregionale dell&#8217;Area dello Stretto e rappresentanti dei Governi Regionali della Sicilia e della Calabria. In particolare la presenza dei due assessori regionali ai Trasporti ha fatto s\u00ec che si ponesse l&#8217;attenzione anche sulle problematiche relative ai collegamenti nell&#8217;Area, e sulla necessit\u00e0 di porre in essere raccordi tra il Piano Regionale dei Trasporti della Calabria, gi\u00e0 operativo e che presenta una parte specifica riguardante lo Stretto, e quello della Regione Siciliana ancora in itinere\u201d.<div id=\"div-gpt-ad-Messinaoggi.it-DSK-300x250-corpoart\" style=\"text-align:center;margin:0 auto;\"><\/div><\/p>\n<p style=\"text-align: justify\">Cos\u00ec l\u2019ex assessore provinciale, Michele Bisignano: \u201cSarebbe per\u00f2 opportuno che, nell&#8217;ambito di tale sinergia, venisse realizzato fra le due Regioni anche un Accordo di Programma Quadro, con riferimento alle misure ed agli interventi finanziari previsti dai Fondi Strutturali &#8220;Interreg&#8221;. Si potrebbe cos\u00ec realizzare un sistema integrato dei collegamenti fra la Sicilia e la Calabria ed i sistemi di TPL (trasporto pubblico locale), raccordato con i collegamenti ferroviari ed aerei, potenziando i servizi esistenti da Messina con Villa S. Giovanni e Reggio Calabria, pensando anche ad un collegamento diretto con il pontile di attracco di Ravagnese per l&#8217;aeroporto dello Stretto. Tutto ci\u00f2 sar\u00e0 possibile se i due governi regionali assumeranno impegni reciproci (che non sono mai stati assunti in passato) per realizzare quei processi di integrazione territoriale ed economica che, pare finalmente, vengano considerati come comuni obiettivi possibili\u201d.<div id=\"videoincontent\" style=\"clear:both\";><\/div><\/p>\n","protected":false},"excerpt":{"rendered":"<p>\u201cNei giorni scorsi, alla Camera di Commercio, si \u00e8 svolto un significativo incontro relativo allo sviluppo dell&#8217;area dello Stretto. Per la prima volta a Messina si sono confrontati alcuni rappresentanti del ricostituito Ufficio di Presidenza della Conferenza Interregionale dell&#8217;Area dello Stretto e rappresentanti dei Governi Regionali della Sicilia e della Calabria. In particolare la presenza [&hellip;]<\/p>\n","protected":false},"author":15,"featured_media":12472,"comment_status":"closed","ping_status":"open","sticky":false,"template":"","format":"standard","meta":{"ub_ctt_via":"","_mi_skip_tracking":false},"categories":[4],"tags":[],"featured_image_src":"https:\/\/www.messinaoggi.it\/website\/wp-content\/uploads\/2017\/12\/bisignano.jpg","author_info":{"display_name":"red.me","author_link":"https:\/\/www.messinaoggi.it\/website\/author\/red-me\/"},"digistream_id":0,"digistream":false,"_links":{"self":[{"href":"https:\/\/www.messinaoggi.it\/website\/wp-json\/wp\/v2\/posts\/21839"}],"collection":[{"href":"https:\/\/www.messinaoggi.it\/website\/wp-json\/wp\/v2\/posts"}],"about":[{"href":"https:\/\/www.messinaoggi.it\/website\/wp-json\/wp\/v2\/types\/post"}],"author":[{"embeddable":true,"href":"https:\/\/www.messinaoggi.it\/website\/wp-json\/wp\/v2\/users\/15"}],"replies":[{"embeddable":true,"href":"https:\/\/www.messinaoggi.it\/website\/wp-json\/wp\/v2\/comments?post=21839"}],"version-history":[{"count":0,"href":"https:\/\/www.messinaoggi.it\/website\/wp-json\/wp\/v2\/posts\/21839\/revisions"}],"wp:featuredmedia":[{"embeddable":true,"href":"https:\/\/www.messinaoggi.it\/website\/wp-json\/wp\/v2\/media\/12472"}],"wp:attachment":[{"href":"https:\/\/www.messinaoggi.it\/website\/wp-json\/wp\/v2\/media?parent=21839"}],"wp:term":[{"taxonomy":"category","embeddable":true,"href":"https:\/\/www.messinaoggi.it\/website\/wp-json\/wp\/v2\/categories?post=21839"},{"taxonomy":"post_tag","embeddable":true,"href":"https:\/\/www.messinaoggi.it\/website\/wp-json\/wp\/v2\/tags?post=21839"}],"curies":[{"name":"wp","href":"https:\/\/api.w.org\/{rel}","templated":true}]}}