{"id":218339,"date":"2024-11-14T10:07:41","date_gmt":"2024-11-14T09:07:41","guid":{"rendered":"http:\/\/www.messinaoggi.it\/website\/?p=218339"},"modified":"2024-11-14T10:07:42","modified_gmt":"2024-11-14T09:07:42","slug":"francesco-di-sarcina-nuovo-commissario-per-il-porto-di-tremestieri-soddisfatta-uil","status":"publish","type":"post","link":"https:\/\/www.messinaoggi.it\/website\/2024\/11\/14\/francesco-di-sarcina-nuovo-commissario-per-il-porto-di-tremestieri-soddisfatta-uil\/","title":{"rendered":"Francesco Di Sarcina nuovo commissario per il porto di Tremestieri, soddisfatta Uil"},"content":{"rendered":"\n<p><strong>Ivan Tripodi<\/strong>, segretario generale Uil Messina, <strong>Pasquale De Vardo<\/strong>, segretario Feneal Uil Tirrenica, e <strong>Nino Di Mento<\/strong>, segretario Uiltrasporti Messina intervengono sulla nomina di <strong>Francesco Di Sarcina<\/strong> come commissario straordinario per la realizzazione del porto di Tremestieri, esprimendo soddisfazione. <div id=\"div-gpt-ad-Messinaoggi.it-DSK-300x250-corpoart\" style=\"text-align:center;margin:0 auto;\"><\/div><\/p>\n\n\n\n<p>&#8220;La nomina dell ing. <strong>Francesco Di Sarcina<\/strong>, gi\u00e0 segretario generale dell\u2019Autorit\u00e1 Portuale di Messina ed attuale presidente dell\u2019Adsp del Mare di Sicilia orientale, nel ruolo di commissario straordinario per la realizzazione del porto di Tremestieri \u00e8 oggettivamente un\u2019ottima notizia. A nostro avviso, l\u2019ing. messinese Di Sarcina, al quale inviamo i migliori auguri di buon lavoro, ha tutte le caratteristiche, da profondo conoscitore dell\u2019opera, per portare a termine, nei tempi previsti, un\u2019infrastruttura fondamentale per il futuro di Messina, di tutta l\u2019area dello Stretto e del Mediterraneo.\u201d <div id=\"videoincontent\" style=\"clear:both\";><\/div><\/p>\n\n\n\n<p>\u201cNel corso dei recenti anni passati caratterizzati dall\u2019avvio dei lavori dell\u2019opera, dalle prime attivit\u00e0 cantieristiche svolte dalla veneta Nuova Coedmar e dal successivo lungo e grave impasse che ha portato alla cessione dell\u2019appalto alla Bruno costruzioni, odierna azienda appaltatrice dell\u2019opera, la Uil \u00e8 stata sempre in prima linea nell\u2019evidenziare le problematiche occupazionali e nel denunciare il grave impasse che caratterizzava l\u2019appalto del porto di Tremestieri. Questa nostra lineare posizione \u00e8 stata pi\u00f9 volte oggetto delle puerili invettive dell\u2019amministrazione comunale di Messina che, nei fatti, non ha mai sopportato che si dicesse la triste e semplice verit\u00e0, vale a dire che il porto di Tremestieri, con i lavori incagliati a meno del 20% del totale e con la contestuale liquefazione dell\u2019azienda appaltatrice, era ormai diventata l\u2019ennesima opera incompiuta del territorio. In questo quadro, possiamo affermare con un pizzico di orgoglio, che, stante l\u2019assoluta paralisi e il totale blocco dei lavori con le relative pesanti conseguenze sia occupazionali che urbanistiche ed economico-sociali, la proposta del commissariamento dell\u2019opera, come facilmente verificabile, fu, per prima, lanciata pubblicamente dalla Uil. Una proposta che ha fatto breccia e, finalmente, oggi, con la nomina del Commissario Di Sarcina, \u00e8 diventata realt\u00e0 grazie alla formale decisione assunta dal governo nazionale. Adesso non c\u00e8 pi\u00f9 tempo da perdere e bisogna correre per recuperare il tempo perduto al fine di rispettare il cronoprogramma previsto. Sono 24, infatti, i mesi contemplati per la definitiva realizzazione del porto di Tremestieri: un\u2019opera che proietter\u00e0 Messina nel futuro e cambier\u00e0 radicalmente la citt\u00e0, a partire dal waterfront. Infine, auspichiamo che il commissario Di Sarcina intenda aprire rapidamente un confronto, serio e proficuo, con il Sindacato per affrontare le tante problematiche che ruotano attorno al cantiere del porto di Tremestieri\u201d hanno cos\u00ec concluso i sindacalisti. <\/p>\n","protected":false},"excerpt":{"rendered":"<p>Ivan Tripodi, segretario generale Uil Messina, Pasquale De Vardo, segretario Feneal Uil Tirrenica, e Nino Di Mento, segretario Uiltrasporti Messina intervengono sulla nomina di Francesco Di Sarcina come commissario straordinario per la realizzazione del porto di Tremestieri, esprimendo soddisfazione. &#8220;La nomina dell ing. Francesco Di Sarcina, gi\u00e0 segretario generale dell\u2019Autorit\u00e1 Portuale di Messina ed attuale [&hellip;]<\/p>\n","protected":false},"author":15,"featured_media":50145,"comment_status":"open","ping_status":"open","sticky":false,"template":"","format":"standard","meta":{"ub_ctt_via":"","_mi_skip_tracking":false},"categories":[5,6],"tags":[2732,4700,4264,1338],"featured_image_src":"https:\/\/www.messinaoggi.it\/website\/wp-content\/uploads\/2020\/12\/porto-tremestieri-3.jpg","author_info":{"display_name":"red.me","author_link":"https:\/\/www.messinaoggi.it\/website\/author\/red-me\/"},"digistream_id":0,"digistream":false,"_links":{"self":[{"href":"https:\/\/www.messinaoggi.it\/website\/wp-json\/wp\/v2\/posts\/218339"}],"collection":[{"href":"https:\/\/www.messinaoggi.it\/website\/wp-json\/wp\/v2\/posts"}],"about":[{"href":"https:\/\/www.messinaoggi.it\/website\/wp-json\/wp\/v2\/types\/post"}],"author":[{"embeddable":true,"href":"https:\/\/www.messinaoggi.it\/website\/wp-json\/wp\/v2\/users\/15"}],"replies":[{"embeddable":true,"href":"https:\/\/www.messinaoggi.it\/website\/wp-json\/wp\/v2\/comments?post=218339"}],"version-history":[{"count":7,"href":"https:\/\/www.messinaoggi.it\/website\/wp-json\/wp\/v2\/posts\/218339\/revisions"}],"predecessor-version":[{"id":218346,"href":"https:\/\/www.messinaoggi.it\/website\/wp-json\/wp\/v2\/posts\/218339\/revisions\/218346"}],"wp:featuredmedia":[{"embeddable":true,"href":"https:\/\/www.messinaoggi.it\/website\/wp-json\/wp\/v2\/media\/50145"}],"wp:attachment":[{"href":"https:\/\/www.messinaoggi.it\/website\/wp-json\/wp\/v2\/media?parent=218339"}],"wp:term":[{"taxonomy":"category","embeddable":true,"href":"https:\/\/www.messinaoggi.it\/website\/wp-json\/wp\/v2\/categories?post=218339"},{"taxonomy":"post_tag","embeddable":true,"href":"https:\/\/www.messinaoggi.it\/website\/wp-json\/wp\/v2\/tags?post=218339"}],"curies":[{"name":"wp","href":"https:\/\/api.w.org\/{rel}","templated":true}]}}