{"id":218195,"date":"2024-11-13T13:02:38","date_gmt":"2024-11-13T12:02:38","guid":{"rendered":"http:\/\/www.messinaoggi.it\/website\/?p=218195"},"modified":"2024-11-13T13:02:39","modified_gmt":"2024-11-13T12:02:39","slug":"i-carabinieri-a-messina-ricordano-il-sottotenente-giovanni-cavallaro-vittima-di-nassiriya","status":"publish","type":"post","link":"https:\/\/www.messinaoggi.it\/website\/2024\/11\/13\/i-carabinieri-a-messina-ricordano-il-sottotenente-giovanni-cavallaro-vittima-di-nassiriya\/","title":{"rendered":"I Carabinieri a Messina ricordano il Sottotenente Giovanni Cavallaro, vittima di Nassiriya"},"content":{"rendered":"\n<p>Nella mattinata di ieri, i Carabinieri del Comando Provinciale di Messina hanno reso omaggio alla memoria del Sottotenente <strong>Giovanni Cavallaro<\/strong>, ufficiale messinese caduto nella strage di Nassiriya il 12 novembre 2003, durante la missione di pace in Iraq. <div id=\"div-gpt-ad-Messinaoggi.it-DSK-300x250-corpoart\" style=\"text-align:center;margin:0 auto;\"><\/div><\/p>\n\n\n\n<p>L\u2019attentato, che ogni anno viene commemorato nella &#8220;giornata del ricordo dei caduti nelle missioni internazionali di pace&#8221;, cost\u00f2 la vita a 12 carabinieri, 5 soldati dell\u2019Esercito e 2 civili italiani.<div id=\"videoincontent\" style=\"clear:both\";><\/div><\/p>\n\n\n\n<p>Nato a Torre Faro il 21 giugno 1956, Cavallaro si arruol\u00f2 nell\u2019Arma dei Carabinieri nel 1977 e consegu\u00ec il grado di maresciallo capo nel 1996. Dopo anni di servizio nei reparti investigativi di Torino e Asti, venne chiamato a operare in numerose missioni internazionali in territori segnati da forti tensioni politiche. <\/p>\n\n\n\n<figure class=\"wp-block-image size-large\"><img loading=\"lazy\" width=\"475\" height=\"769\" src=\"http:\/\/www.messinaoggi.it\/website\/wp-content\/uploads\/2024\/11\/foto-uno-1.jpg\" alt=\"\" class=\"wp-image-218201\" srcset=\"https:\/\/www.messinaoggi.it\/website\/wp-content\/uploads\/2024\/11\/foto-uno-1.jpg 475w, https:\/\/www.messinaoggi.it\/website\/wp-content\/uploads\/2024\/11\/foto-uno-1-185x300.jpg 185w\" sizes=\"(max-width: 475px) 100vw, 475px\" \/><\/figure>\n\n\n\n<p>Il suo impegno lo port\u00f2 a partecipare all\u2019operazione umanitaria \u201cAntica Babilonia\u201d in Iraq, dove perse la vita a causa di un attacco terroristico.Nel 2005, il Ministero della Difesa confer\u00ec a Cavallaro la Croce d\u2019Onore con questa motivazione: <\/p>\n\n\n\n<p>&#8220;Comandante del plotone infoinvestigativo dell\u2019Unit\u00e0 di manovra del Reggimento M.S.U., impiegato in missione a sostegno della martoriata popolazione irachena nell\u2019ambito dell\u2019operazione Antica Babilonia, coraggiosamente consapevole dei gravi rischi ai quali si esponeva, si prodigava per assolvere il proprio delicato incarico con fermezza di intenti, senso del dovere ed altissimo spirito di sacrificio. Il 12 novembre 2003, a seguito di improvviso attacco ad una installazione del contingente nazionale, veniva mortalmente investito dal devastante scoppio di un\u2019ingente quantit\u00e0 di esplosivo, provocato proditoriamente da cellula terroristica suicida, sacrificando cos\u00ec la propria vita ai pi\u00f9 sacri valori dell\u2019amor di patria e dell\u2019onore militare.&#8221;<\/p>\n\n\n\n<p>Ieri mattina, presso la Stazione dei Carabinieri di Ganzirri, intitolata proprio a Cavallaro, \u00e8 stata organizzata una cerimonia commemorativa alla presenza dei familiari e dei colleghi del Comando Provinciale di Messina. <\/p>\n\n\n\n<p>Durante l\u2019evento, il Comandante Provinciale, Colonnello <strong>Lucio Arcidiacono<\/strong>, insieme a <strong>Diego Cavallaro<\/strong>, figlio del caduto, ha deposto un cuscino di fiori sulla lapide dedicata al S. Tenente. Monsignor Giuseppe La Speme, parroco di Santa Maria della Lettera di Torre Faro, ha impartito una benedizione, ricordando l&#8217;alto valore morale del sacrificio di Cavallaro.<\/p>\n\n\n\n<p>Un momento solenne per tutta la comunit\u00e0 di Messina, che, attraverso il ricordo di Cavallaro, rinnova il proprio riconoscimento verso chi ha dato la vita in nome della pace e della sicurezza internazionale.<\/p>\n","protected":false},"excerpt":{"rendered":"<p>Nella mattinata di ieri, i Carabinieri del Comando Provinciale di Messina hanno reso omaggio alla memoria del Sottotenente Giovanni Cavallaro, ufficiale messinese caduto nella strage di Nassiriya il 12 novembre 2003, durante la missione di pace in Iraq. L\u2019attentato, che ogni anno viene commemorato nella &#8220;giornata del ricordo dei caduti nelle missioni internazionali di pace&#8221;, [&hellip;]<\/p>\n","protected":false},"author":15,"featured_media":218200,"comment_status":"open","ping_status":"open","sticky":false,"template":"","format":"standard","meta":{"ub_ctt_via":"","_mi_skip_tracking":false},"categories":[5,6],"tags":[6495,4404,10836,3476,10835],"featured_image_src":"https:\/\/www.messinaoggi.it\/website\/wp-content\/uploads\/2024\/11\/foto-uno-e1731499222767.jpg","author_info":{"display_name":"red.me","author_link":"https:\/\/www.messinaoggi.it\/website\/author\/red-me\/"},"digistream_id":0,"digistream":false,"_links":{"self":[{"href":"https:\/\/www.messinaoggi.it\/website\/wp-json\/wp\/v2\/posts\/218195"}],"collection":[{"href":"https:\/\/www.messinaoggi.it\/website\/wp-json\/wp\/v2\/posts"}],"about":[{"href":"https:\/\/www.messinaoggi.it\/website\/wp-json\/wp\/v2\/types\/post"}],"author":[{"embeddable":true,"href":"https:\/\/www.messinaoggi.it\/website\/wp-json\/wp\/v2\/users\/15"}],"replies":[{"embeddable":true,"href":"https:\/\/www.messinaoggi.it\/website\/wp-json\/wp\/v2\/comments?post=218195"}],"version-history":[{"count":6,"href":"https:\/\/www.messinaoggi.it\/website\/wp-json\/wp\/v2\/posts\/218195\/revisions"}],"predecessor-version":[{"id":218203,"href":"https:\/\/www.messinaoggi.it\/website\/wp-json\/wp\/v2\/posts\/218195\/revisions\/218203"}],"wp:featuredmedia":[{"embeddable":true,"href":"https:\/\/www.messinaoggi.it\/website\/wp-json\/wp\/v2\/media\/218200"}],"wp:attachment":[{"href":"https:\/\/www.messinaoggi.it\/website\/wp-json\/wp\/v2\/media?parent=218195"}],"wp:term":[{"taxonomy":"category","embeddable":true,"href":"https:\/\/www.messinaoggi.it\/website\/wp-json\/wp\/v2\/categories?post=218195"},{"taxonomy":"post_tag","embeddable":true,"href":"https:\/\/www.messinaoggi.it\/website\/wp-json\/wp\/v2\/tags?post=218195"}],"curies":[{"name":"wp","href":"https:\/\/api.w.org\/{rel}","templated":true}]}}