{"id":21806,"date":"2018-07-11T13:26:08","date_gmt":"2018-07-11T11:26:08","guid":{"rendered":"http:\/\/www.messinaoggi.it\/website\/?p=21806"},"modified":"2018-07-11T13:26:08","modified_gmt":"2018-07-11T11:26:08","slug":"caso-fenapi-no-allarresto-di-de-luca-cassazione-rigetta-il-ricorso-del-pm","status":"publish","type":"post","link":"https:\/\/www.messinaoggi.it\/website\/2018\/07\/11\/caso-fenapi-no-allarresto-di-de-luca-cassazione-rigetta-il-ricorso-del-pm\/","title":{"rendered":"Caso Fenapi, no all&#039;arresto di De Luca: Cassazione rigetta il ricorso del pm"},"content":{"rendered":"<p lang=\"it-IT\" style=\"text-align: justify;\"><span style=\"font-family: Arial, sans-serif;\"><strong>No alla sottoposizione a misure cautelari per Cateno De Luca.<\/strong> A dichiararne l&#8217;inammissibilit\u00e0 \u00e8 la Cassazione, rigettando il ricorso del pm messinese circa la necessit\u00e0 di limitare la libert\u00e0 del primo cittadino di Messina per il \u201ccaso Fenapi\u201d, che lo scorso 8 novembre aveva comportato la sottoposizione agli arresti domiciliari l&#8217;allora aspirante sindaco appena tre giorni dopo la sua elezione all&#8217;Ars in quanto indagato per evasione fiscale. Adesso si attendono ulteriori risvolti circa l&#8217;udienza preliminare che sar\u00e0 presieduta dal gup Simona Finocchiaro sulla necessit\u00e0 di archiviare o meno la vicenda; dieci gli indagati.<\/span><div id=\"div-gpt-ad-Messinaoggi.it-DSK-300x250-corpoart\" style=\"text-align:center;margin:0 auto;\"><\/div><\/p>\n<p lang=\"it-IT\" style=\"text-align: justify;\"><span style=\"font-family: Arial, sans-serif;\">&#8220;Ieri, mentre ero in consiglio comunale a Messina, &#8211; spiega De Luca su Facebook &#8211; si stava svolgendo a Roma l&#8217;udienza innanzi alla Cassazione ed ero in continuo contatto con il professore Carlo Taormina per capire se oggi rischiavo di tornare agli arresti domiciliari per la vicenda riguardante la presunta evasione fiscale che ha causato il mio arresto del 8 novembre scorso poi annullato dal Tribunale della liberta&#8217;. Il verdetto ci e&#8217; stato notificato alle 7.30 dopo una notte insonne in attesa di notizie: La Suprema Corte ha respinto il ricorso della procura confermando l&#8217;inesistenza dei presupposti dell&#8217;arresto. E questa mattina e&#8217; prevista l&#8217;udienza preliminare per stabilire se questa storia sara&#8217; archiviata oppure si fara&#8217; un apposito processo&#8221;.<\/span><div id=\"videoincontent\" style=\"clear:both\";><\/div><\/p>\n","protected":false},"excerpt":{"rendered":"<p>No alla sottoposizione a misure cautelari per Cateno De Luca. A dichiararne l&#8217;inammissibilit\u00e0 \u00e8 la Cassazione, rigettando il ricorso del pm messinese circa la necessit\u00e0 di limitare la libert\u00e0 del primo cittadino di Messina per il \u201ccaso Fenapi\u201d, che lo scorso 8 novembre aveva comportato la sottoposizione agli arresti domiciliari l&#8217;allora aspirante sindaco appena tre [&hellip;]<\/p>\n","protected":false},"author":8,"featured_media":17030,"comment_status":"closed","ping_status":"open","sticky":false,"template":"","format":"standard","meta":{"ub_ctt_via":"","_mi_skip_tracking":false},"categories":[19],"tags":[],"featured_image_src":"https:\/\/www.messinaoggi.it\/website\/wp-content\/uploads\/2018\/03\/Cateno-De-Luca-a-Messina-10-696x461-2.jpg","author_info":{"display_name":"red..me","author_link":"https:\/\/www.messinaoggi.it\/website\/author\/redstage\/"},"digistream_id":0,"digistream":false,"_links":{"self":[{"href":"https:\/\/www.messinaoggi.it\/website\/wp-json\/wp\/v2\/posts\/21806"}],"collection":[{"href":"https:\/\/www.messinaoggi.it\/website\/wp-json\/wp\/v2\/posts"}],"about":[{"href":"https:\/\/www.messinaoggi.it\/website\/wp-json\/wp\/v2\/types\/post"}],"author":[{"embeddable":true,"href":"https:\/\/www.messinaoggi.it\/website\/wp-json\/wp\/v2\/users\/8"}],"replies":[{"embeddable":true,"href":"https:\/\/www.messinaoggi.it\/website\/wp-json\/wp\/v2\/comments?post=21806"}],"version-history":[{"count":0,"href":"https:\/\/www.messinaoggi.it\/website\/wp-json\/wp\/v2\/posts\/21806\/revisions"}],"wp:featuredmedia":[{"embeddable":true,"href":"https:\/\/www.messinaoggi.it\/website\/wp-json\/wp\/v2\/media\/17030"}],"wp:attachment":[{"href":"https:\/\/www.messinaoggi.it\/website\/wp-json\/wp\/v2\/media?parent=21806"}],"wp:term":[{"taxonomy":"category","embeddable":true,"href":"https:\/\/www.messinaoggi.it\/website\/wp-json\/wp\/v2\/categories?post=21806"},{"taxonomy":"post_tag","embeddable":true,"href":"https:\/\/www.messinaoggi.it\/website\/wp-json\/wp\/v2\/tags?post=21806"}],"curies":[{"name":"wp","href":"https:\/\/api.w.org\/{rel}","templated":true}]}}