{"id":21803,"date":"2018-07-11T12:37:01","date_gmt":"2018-07-11T10:37:01","guid":{"rendered":"http:\/\/www.messinaoggi.it\/website\/?p=21803"},"modified":"2018-07-11T12:37:01","modified_gmt":"2018-07-11T10:37:01","slug":"spaccatura-pd-cardile-hanno-prevalso-criteri-oggettivi","status":"publish","type":"post","link":"https:\/\/www.messinaoggi.it\/website\/2018\/07\/11\/spaccatura-pd-cardile-hanno-prevalso-criteri-oggettivi\/","title":{"rendered":"Spaccatura Pd, Cardile: &quot;Hanno prevalso criteri oggettivi&quot;"},"content":{"rendered":"<p>Nessuna alleanza di lungo corso con il Movimento 5 Stelle, ma solo un accordo per decidere la nomina del presidente. Alla fine l&#8217;ha spuntata Claudio Cardile, che gi\u00e0 questa mattina ha preso possesso della propria stanza, insieme ai propri vice, Nino Interdonato e Serena Giannetto.<br \/>\nAll&#8217;indomani della votazione che di fatto ha sancito la spaccatura all&#8217;interno del Partito Democratico, con Felice Calabro&#8217; ed Antonella Russo che hanno contestato il metodo con cui si \u00e8 arrivati all&#8217;elezione di Cardile. Il neopresidente per\u00f2 non ci sta e ribadisce: &#8220;Non c&#8217;\u00e8 nessuna spaccatura, si \u00e8 usato come criterio di valutazione quello dei voti raccolti in occasione delle amministrative e si \u00e8 applicato&#8221;.<br \/>\nCardile, inoltre, ricorda gli incontri interni che si sono svolti nei giorni scorsi: &#8220;Ci sono stati, si sono scelti dei criteri oggettivi e quindi non controvertibili. Capisco la delusione di chi aveva delle legittime aspirazioni personali, ma bisogna guardare avanti&#8221;.<br \/>\nL&#8217;ufficio di presidenza si \u00e8 gia messo in moto, presto si conoscer\u00e1 la composizione delle commissioni, ma intanto c&#8217;\u00e8 un altro strappo da ricucire, quello con un centrodestra deluso dalla ripartizione delle cariche: &#8220;Questa mattina ho incontrato i rappresentanti della lista Bramanti Sindaco, dobbiamo collaborare per la citt\u00e0 \u00e8 ricucire i rapporti qualora ce ne fosse bisogno. L&#8217;appello del sindaco? Collaboreremo e discuteremo sugli atti, interverr\u00f2 qualora l&#8217;atteggiamento dell&#8217;amministrazione non sia ritenuto consono&#8221;.<br \/>\n <div id=\"div-gpt-ad-Messinaoggi.it-DSK-300x250-corpoart\" style=\"text-align:center;margin:0 auto;\"><\/div><\/p>\n<div id=\"videoincontent\" style=\"clear:both\";><\/div>","protected":false},"excerpt":{"rendered":"<p>Nessuna alleanza di lungo corso con il Movimento 5 Stelle, ma solo un accordo per decidere la nomina del presidente. Alla fine l&#8217;ha spuntata Claudio Cardile, che gi\u00e0 questa mattina ha preso possesso della propria stanza, insieme ai propri vice, Nino Interdonato e Serena Giannetto. All&#8217;indomani della votazione che di fatto ha sancito la spaccatura [&hellip;]<\/p>\n","protected":false},"author":14,"featured_media":21729,"comment_status":"closed","ping_status":"open","sticky":false,"template":"","format":"standard","meta":{"ub_ctt_via":"","_mi_skip_tracking":false},"categories":[6],"tags":[],"featured_image_src":"https:\/\/www.messinaoggi.it\/website\/wp-content\/uploads\/2018\/07\/IMG-20180710-WA0017-1.jpg","author_info":{"display_name":"Antonio Macauda","author_link":"https:\/\/www.messinaoggi.it\/website\/author\/a-macauda\/"},"digistream_id":0,"digistream":false,"_links":{"self":[{"href":"https:\/\/www.messinaoggi.it\/website\/wp-json\/wp\/v2\/posts\/21803"}],"collection":[{"href":"https:\/\/www.messinaoggi.it\/website\/wp-json\/wp\/v2\/posts"}],"about":[{"href":"https:\/\/www.messinaoggi.it\/website\/wp-json\/wp\/v2\/types\/post"}],"author":[{"embeddable":true,"href":"https:\/\/www.messinaoggi.it\/website\/wp-json\/wp\/v2\/users\/14"}],"replies":[{"embeddable":true,"href":"https:\/\/www.messinaoggi.it\/website\/wp-json\/wp\/v2\/comments?post=21803"}],"version-history":[{"count":0,"href":"https:\/\/www.messinaoggi.it\/website\/wp-json\/wp\/v2\/posts\/21803\/revisions"}],"wp:featuredmedia":[{"embeddable":true,"href":"https:\/\/www.messinaoggi.it\/website\/wp-json\/wp\/v2\/media\/21729"}],"wp:attachment":[{"href":"https:\/\/www.messinaoggi.it\/website\/wp-json\/wp\/v2\/media?parent=21803"}],"wp:term":[{"taxonomy":"category","embeddable":true,"href":"https:\/\/www.messinaoggi.it\/website\/wp-json\/wp\/v2\/categories?post=21803"},{"taxonomy":"post_tag","embeddable":true,"href":"https:\/\/www.messinaoggi.it\/website\/wp-json\/wp\/v2\/tags?post=21803"}],"curies":[{"name":"wp","href":"https:\/\/api.w.org\/{rel}","templated":true}]}}