{"id":21792,"date":"2018-07-11T09:54:01","date_gmt":"2018-07-11T07:54:01","guid":{"rendered":"http:\/\/www.messinaoggi.it\/website\/?p=21792"},"modified":"2018-07-11T09:54:01","modified_gmt":"2018-07-11T07:54:01","slug":"ufficio-di-presidenza-il-pd-si-spacca-calabro-e-russo-non-condiviso-il-metodo","status":"publish","type":"post","link":"https:\/\/www.messinaoggi.it\/website\/2018\/07\/11\/ufficio-di-presidenza-il-pd-si-spacca-calabro-e-russo-non-condiviso-il-metodo\/","title":{"rendered":"Ufficio di presidenza, il Pd si spacca. Calabr\u00f2 e Russo: &quot;Non condiviso il metodo&quot;"},"content":{"rendered":"<p style=\"text-align: justify\">L\u2019asse tra centrosinistra e Movimento 5 Stelle alla fine ha fatto la differenza, Claudio Cardile \u00e8 il nuovo presidente del Consiglio Comunale ma la formazione del nuovo ufficio di presidenza ha creato un forte malcontento all\u2019interno della coalizione. Sorride Peppe Picciolo che riesce a piazzare Nino Interdonato come vicepresidente vicario, mentre l\u2019altra vicepresidenza \u00e8 andata alla pentastellata Serena Giannetto. Un\u2019alleanza che pu\u00f2 affondare le proprie radici anche sulla pregressa vicinanza di alcuni esponenti del Movimento 5 Stelle, Schepis e Cipolla, agli ambienti del Pd. Cos\u00ec, a restare con un pugno di mosche \u00e8 il centrodestra e dire che i presupposti, per una teorica equa spartizione dei ruoli per i tre blocchi presenti in aula, c\u2019erano tutti. All\u2019interno del Partito Democratico c\u2019\u00e8 chi non ci sta, non facendo un discorso personale, la legittimit\u00e0 della convergenza su una figura come quella di Claudio Cardile\u00a0 non \u00e8 in discussione, ma \u00e8 un discorso puramente politico e di metodo.<div id=\"div-gpt-ad-Messinaoggi.it-DSK-300x250-corpoart\" style=\"text-align:center;margin:0 auto;\"><\/div><\/p>\n<div id=\"attachment_16339\" style=\"width: 310px\" class=\"wp-caption alignnone\"><img aria-describedby=\"caption-attachment-16339\" loading=\"lazy\" class=\"wp-image-16339 size-medium\" src=\"http:\/\/www.messinaoggi.it\/website\/wp-content\/uploads\/2018\/03\/conf-stampa-russo-RRP_5146-300x200.jpg\" alt=\"\" width=\"300\" height=\"200\" \/><p id=\"caption-attachment-16339\" class=\"wp-caption-text\">Antonella Russo<\/p><\/div>\n<p style=\"text-align: justify\">Non ha peli sulla lingua Felice Calabr\u00f2, il quale non ha digerito questo patto con il Movimento 5 Stelle: <em>\u201cIntanto c\u2019\u00e8 da capire se siamo davanti ad un patto circostanziale, cio\u00e8 momentaneo, o ad una vera e propria alleanza che si consolider\u00e0 nel tempo \u2013 ha dichiarato \u2013 io voglio capire a che gioco si sta giocando, cercher\u00f2 di farlo negli ambienti opportuni, visto che sono componente dell\u2019assemblea nazionale e della direzione regionale del partito. E\u2019 incredibile che si stringano patti politici con una forza che ce ne ha dette di tutti i colori quando il Pd era al governo del paese e della Regione. Il Movimento 5 Stelle sui momenti di difficolt\u00e0 del Partito Democratico ha basato le proprie fortune, sono contro di noi in ogni ambito tranne che ieri. Il dato politico che ne esce \u00e8 sconcertante, fermo restando che sono convinto che Claudio Cardile sar\u00e0 un ottimo presidente del Consiglio Comunale\u201d<\/em>.<div id=\"videoincontent\" style=\"clear:both\";><\/div><\/p>\n<p style=\"text-align: justify\">Ieri in aula erano presenti i deputati regionali del Movimento 5 Stelle, Antonio De Luca e Valentina Zafarana, insieme al collega del Pd, Franco De Domenico. Un fattore che ha insospettito lo stesso Calabr\u00f2: \u201c<em>Ieri abbiamo visto dei deputati regionali fare da sentinelle per tutte e sette le ore della seduta, probabilmente avevano paura che qualcuno si alzasse e potesse dire la propria. Mi auguro che mostrino lo stesso interesse anche per altre sedute consiliari\u201d.<\/em><\/p>\n<p style=\"text-align: justify\">Sulla stessa lunghezza d\u2019onda anche Antonella Russo, che avrebbe preferito l\u2019assegnazione di una vicepresidenza al centrodestra: <em>\u201cNon c\u2019\u00e8 democrazia se non c\u2019\u00e8 opposizione \u2013 ha sottolineato la consigliera del Pd \u2013 il centrosinistra ha tredici consiglieri, il Movimento 5 Stelle sette mentre dodici sono i consiglieri del centrodestra, tra cui c\u2019\u00e8 pure il candidato sindaco uscito sconfitto dal ballottaggio. E\u2019 corretto che la presidenza sia stata assegnata al centrosinistra, ma le ultime elezioni ci hanno detto che tanti messinesi hanno votato per il centrodestra, quegli stessi messinesi che avrebbero meritato un po\u2019 pi\u00f9 di rispetto e di considerazione politica e che invece non hanno avuto nessun rappresentante nell\u2019ufficio di presidenza\u201d.<\/em><\/p>\n<p style=\"text-align: justify\">La Russo aggiunge: \u201c<em>Cardile \u00e8 una figura di qualit\u00e0, contesto il metodo. Affidarsi solo ed esclusivamente al numero di voti presi pu\u00f2 essere limitativo, possono entrare in ballo anche altri fattori, come gli anni di militanza. Credo che ci doveva essere un maggior confronto interno\u201d.<\/em><\/p>\n","protected":false},"excerpt":{"rendered":"<p>L\u2019asse tra centrosinistra e Movimento 5 Stelle alla fine ha fatto la differenza, Claudio Cardile \u00e8 il nuovo presidente del Consiglio Comunale ma la formazione del nuovo ufficio di presidenza ha creato un forte malcontento all\u2019interno della coalizione. Sorride Peppe Picciolo che riesce a piazzare Nino Interdonato come vicepresidente vicario, mentre l\u2019altra vicepresidenza \u00e8 andata [&hellip;]<\/p>\n","protected":false},"author":14,"featured_media":21724,"comment_status":"closed","ping_status":"open","sticky":false,"template":"","format":"standard","meta":{"ub_ctt_via":"","_mi_skip_tracking":false},"categories":[6],"tags":[],"featured_image_src":"https:\/\/www.messinaoggi.it\/website\/wp-content\/uploads\/2018\/07\/IMG_20180710_125846-1.jpg","author_info":{"display_name":"Antonio Macauda","author_link":"https:\/\/www.messinaoggi.it\/website\/author\/a-macauda\/"},"digistream_id":0,"digistream":false,"_links":{"self":[{"href":"https:\/\/www.messinaoggi.it\/website\/wp-json\/wp\/v2\/posts\/21792"}],"collection":[{"href":"https:\/\/www.messinaoggi.it\/website\/wp-json\/wp\/v2\/posts"}],"about":[{"href":"https:\/\/www.messinaoggi.it\/website\/wp-json\/wp\/v2\/types\/post"}],"author":[{"embeddable":true,"href":"https:\/\/www.messinaoggi.it\/website\/wp-json\/wp\/v2\/users\/14"}],"replies":[{"embeddable":true,"href":"https:\/\/www.messinaoggi.it\/website\/wp-json\/wp\/v2\/comments?post=21792"}],"version-history":[{"count":0,"href":"https:\/\/www.messinaoggi.it\/website\/wp-json\/wp\/v2\/posts\/21792\/revisions"}],"wp:featuredmedia":[{"embeddable":true,"href":"https:\/\/www.messinaoggi.it\/website\/wp-json\/wp\/v2\/media\/21724"}],"wp:attachment":[{"href":"https:\/\/www.messinaoggi.it\/website\/wp-json\/wp\/v2\/media?parent=21792"}],"wp:term":[{"taxonomy":"category","embeddable":true,"href":"https:\/\/www.messinaoggi.it\/website\/wp-json\/wp\/v2\/categories?post=21792"},{"taxonomy":"post_tag","embeddable":true,"href":"https:\/\/www.messinaoggi.it\/website\/wp-json\/wp\/v2\/tags?post=21792"}],"curies":[{"name":"wp","href":"https:\/\/api.w.org\/{rel}","templated":true}]}}