{"id":21783,"date":"2018-07-11T00:19:27","date_gmt":"2018-07-10T22:19:27","guid":{"rendered":"http:\/\/www.messinaoggi.it\/website\/?p=21783"},"modified":"2018-07-11T00:19:27","modified_gmt":"2018-07-10T22:19:27","slug":"rapina-sfociata-nel-sangue-ai-danni-di-un-corriere","status":"publish","type":"post","link":"https:\/\/www.messinaoggi.it\/website\/2018\/07\/11\/rapina-sfociata-nel-sangue-ai-danni-di-un-corriere\/","title":{"rendered":"Rapina sfociata nel sangue: vittima un corriere della Gls"},"content":{"rendered":"<p>S&#8217;\u00e8 opposto al tentativo di rapina ed \u00e8 stato colpito alla testa. Un corriere di 35 anni, in servizio per la Gls, \u00e8 finito nel pomeriggio di ieri al Pronto soccorso del Policlinico per via delle ferite riportate. All&#8217;uomo \u00e8 stato diagnosticato trauma cranico e ferito lacerocontuse alla testa. La prognosi \u00e8 di 30 giorni.<br \/>\nL&#8217;uomo \u00e8 stato avvicinato da due malviventi, intorno alle 15,30, nei pressi di Provinciale dove si trovava per la consegna di un pacco in contrassegno. Secondo la ricostruzione dei carabinieri del Nucleo radiomobile, il corriere avrebbe opposto resistenza alla vista dei due malviventi che, a quanto pare, erano a volto scoperto. I banditi hanno cos\u00ec colpito alla testa l&#8217;uomo lasciandolo in una pozza di sangue.<br \/>\nA quanto sembra, i bandito avrebbero arraffato del denaro prima di darsi alla fuga. La vittima si \u00e8 recata con il proprio mezzo al vicino Pronto soccorso del Policlinico.<div id=\"div-gpt-ad-Messinaoggi.it-DSK-300x250-corpoart\" style=\"text-align:center;margin:0 auto;\"><\/div><\/p>\n<div id=\"videoincontent\" style=\"clear:both\";><\/div>","protected":false},"excerpt":{"rendered":"<p>S&#8217;\u00e8 opposto al tentativo di rapina ed \u00e8 stato colpito alla testa. Un corriere di 35 anni, in servizio per la Gls, \u00e8 finito nel pomeriggio di ieri al Pronto soccorso del Policlinico per via delle ferite riportate. All&#8217;uomo \u00e8 stato diagnosticato trauma cranico e ferito lacerocontuse alla testa. La prognosi \u00e8 di 30 giorni. [&hellip;]<\/p>\n","protected":false},"author":2,"featured_media":21782,"comment_status":"closed","ping_status":"open","sticky":false,"template":"","format":"standard","meta":{"ub_ctt_via":"","_mi_skip_tracking":false},"categories":[5],"tags":[],"featured_image_src":"https:\/\/www.messinaoggi.it\/website\/wp-content\/uploads\/2018\/07\/C20D2D70-1E08-4D49-8135-50A8FF7DBFE0-1.jpeg","author_info":{"display_name":"Redazione","author_link":"https:\/\/www.messinaoggi.it\/website\/author\/redazione\/"},"digistream_id":0,"digistream":false,"_links":{"self":[{"href":"https:\/\/www.messinaoggi.it\/website\/wp-json\/wp\/v2\/posts\/21783"}],"collection":[{"href":"https:\/\/www.messinaoggi.it\/website\/wp-json\/wp\/v2\/posts"}],"about":[{"href":"https:\/\/www.messinaoggi.it\/website\/wp-json\/wp\/v2\/types\/post"}],"author":[{"embeddable":true,"href":"https:\/\/www.messinaoggi.it\/website\/wp-json\/wp\/v2\/users\/2"}],"replies":[{"embeddable":true,"href":"https:\/\/www.messinaoggi.it\/website\/wp-json\/wp\/v2\/comments?post=21783"}],"version-history":[{"count":0,"href":"https:\/\/www.messinaoggi.it\/website\/wp-json\/wp\/v2\/posts\/21783\/revisions"}],"wp:featuredmedia":[{"embeddable":true,"href":"https:\/\/www.messinaoggi.it\/website\/wp-json\/wp\/v2\/media\/21782"}],"wp:attachment":[{"href":"https:\/\/www.messinaoggi.it\/website\/wp-json\/wp\/v2\/media?parent=21783"}],"wp:term":[{"taxonomy":"category","embeddable":true,"href":"https:\/\/www.messinaoggi.it\/website\/wp-json\/wp\/v2\/categories?post=21783"},{"taxonomy":"post_tag","embeddable":true,"href":"https:\/\/www.messinaoggi.it\/website\/wp-json\/wp\/v2\/tags?post=21783"}],"curies":[{"name":"wp","href":"https:\/\/api.w.org\/{rel}","templated":true}]}}