{"id":217803,"date":"2024-11-10T10:35:37","date_gmt":"2024-11-10T09:35:37","guid":{"rendered":"http:\/\/www.messinaoggi.it\/website\/?p=217803"},"modified":"2024-11-10T10:35:38","modified_gmt":"2024-11-10T09:35:38","slug":"ascesa-della-lega-a-messina-oteri-passa-con-il-carroccio","status":"publish","type":"post","link":"https:\/\/www.messinaoggi.it\/website\/2024\/11\/10\/ascesa-della-lega-a-messina-oteri-passa-con-il-carroccio\/","title":{"rendered":"Ascesa della Lega a Messina, Oteri passa con il &#8220;carroccio&#8221;"},"content":{"rendered":"\n<p>Inarrestabile ascesa della Lega anche a Messina. Il consigliere comunale del Gruppo Misto Cosimo Oteri passa con il partito del ministro Matteo Salvini, primo gruppo consiliare in citt\u00e0. Consigliere di circoscrizione per dieci anni prima di approdare in Aula, alle ultime amministrative Oteri \u00e8 risultato il sesto pi\u00f9 votato nel capoluogo peloritano. L\u2019ufficialit\u00e0 del suo passaggio alla Lega arriva nel giorno della presentazione della squadra regionale del partito a Serradifalco, alla presenza del vicesegretario nazionale Claudio Durigon.<div id=\"div-gpt-ad-Messinaoggi.it-DSK-300x250-corpoart\" style=\"text-align:center;margin:0 auto;\"><\/div><\/p>\n\n\n\n<p>\u201cVoglio dare un segnale forte e di riconoscenza nei confronti di un uomo che ha difeso i confini nazionali -ha dichiarato Oteri. Oggi aderisco alla Lega con lo spirito dei tanti cittadini indignati, che anche nella nostra Sicilia credono nella bont\u00e0 dell\u2019azione politica del ministro Salvini. Abbiamo apprezzato le politiche di buon governo nei confronti del Sud, di Messina e della Sicilia, a partire dal ponte sullo Stretto, che con le opere connesse \u00e8 gi\u00e0 un grande attrattore di investimenti, economia e turismo: cose delle quali la Sicilia ha forte bisogno. Gli oltre 30 miliardi gi\u00e0 messi a terra per realizzare una infrastruttura strategica insieme agli investimenti di RFI che favoriranno progresso e alta capacit\u00e0 in Sicilia -aggiunge Oteri- sono la dimostrazione che la Lega vuole puntare sul Mezzogiorno e rilanciare anche la Sicilia, alla quale il partito di Matteo Salvini guarda con molta attenzione ormai da tempo, portando avanti uno spirito nazionale che vuole dar voce a tutti i territori, da Nord a Sud. Ringrazio -conclude Oteri &#8211; il commissario regionale del partito Nino German\u00e0, a cui mi lega un rapporto di fiducia e stima e con il quale sono certo di poter lavorare con grande senso di abnegazione per la nostra citt\u00e0 e per il bene di un\u2019intera comunit\u00e0\u201d.<div id=\"videoincontent\" style=\"clear:both\";><\/div><\/p>\n","protected":false},"excerpt":{"rendered":"<p>Inarrestabile ascesa della Lega anche a Messina. Il consigliere comunale del Gruppo Misto Cosimo Oteri passa con il partito del ministro Matteo Salvini, primo gruppo consiliare in citt\u00e0. Consigliere di circoscrizione per dieci anni prima di approdare in Aula, alle ultime amministrative Oteri \u00e8 risultato il sesto pi\u00f9 votato nel capoluogo peloritano. L\u2019ufficialit\u00e0 del suo [&hellip;]<\/p>\n","protected":false},"author":2,"featured_media":138057,"comment_status":"open","ping_status":"open","sticky":false,"template":"","format":"standard","meta":{"ub_ctt_via":"","_mi_skip_tracking":false},"categories":[4],"tags":[5984,1613,1082],"featured_image_src":"https:\/\/www.messinaoggi.it\/website\/wp-content\/uploads\/2023\/01\/Cosimo-Oteri.jpg","author_info":{"display_name":"Redazione","author_link":"https:\/\/www.messinaoggi.it\/website\/author\/redazione\/"},"digistream_id":0,"digistream":false,"_links":{"self":[{"href":"https:\/\/www.messinaoggi.it\/website\/wp-json\/wp\/v2\/posts\/217803"}],"collection":[{"href":"https:\/\/www.messinaoggi.it\/website\/wp-json\/wp\/v2\/posts"}],"about":[{"href":"https:\/\/www.messinaoggi.it\/website\/wp-json\/wp\/v2\/types\/post"}],"author":[{"embeddable":true,"href":"https:\/\/www.messinaoggi.it\/website\/wp-json\/wp\/v2\/users\/2"}],"replies":[{"embeddable":true,"href":"https:\/\/www.messinaoggi.it\/website\/wp-json\/wp\/v2\/comments?post=217803"}],"version-history":[{"count":1,"href":"https:\/\/www.messinaoggi.it\/website\/wp-json\/wp\/v2\/posts\/217803\/revisions"}],"predecessor-version":[{"id":217804,"href":"https:\/\/www.messinaoggi.it\/website\/wp-json\/wp\/v2\/posts\/217803\/revisions\/217804"}],"wp:featuredmedia":[{"embeddable":true,"href":"https:\/\/www.messinaoggi.it\/website\/wp-json\/wp\/v2\/media\/138057"}],"wp:attachment":[{"href":"https:\/\/www.messinaoggi.it\/website\/wp-json\/wp\/v2\/media?parent=217803"}],"wp:term":[{"taxonomy":"category","embeddable":true,"href":"https:\/\/www.messinaoggi.it\/website\/wp-json\/wp\/v2\/categories?post=217803"},{"taxonomy":"post_tag","embeddable":true,"href":"https:\/\/www.messinaoggi.it\/website\/wp-json\/wp\/v2\/tags?post=217803"}],"curies":[{"name":"wp","href":"https:\/\/api.w.org\/{rel}","templated":true}]}}