{"id":217580,"date":"2024-11-08T10:58:49","date_gmt":"2024-11-08T09:58:49","guid":{"rendered":"http:\/\/www.messinaoggi.it\/website\/?p=217580"},"modified":"2024-11-08T11:01:12","modified_gmt":"2024-11-08T10:01:12","slug":"capotreno-accoltellato-su-un-treno-regionale-interviene-il-siulp","status":"publish","type":"post","link":"https:\/\/www.messinaoggi.it\/website\/2024\/11\/08\/capotreno-accoltellato-su-un-treno-regionale-interviene-il-siulp\/","title":{"rendered":"Capotreno accoltellato su un treno regionale, interviene il Siulp"},"content":{"rendered":"\n<p>Il Sindacato Italiano Unitario Lavoratori di Polizia (Siulp) era intervenuto su un caso accaduto due giorni fa su un treno regionale. Un capotreno aveva subito un accoltellamento. Il sindacato aveva espresso la sua solidariet\u00e0 alla vittima. <div id=\"div-gpt-ad-Messinaoggi.it-DSK-300x250-corpoart\" style=\"text-align:center;margin:0 auto;\"><\/div><\/p>\n\n\n\n<p>&#8220;In seguito al grave episodio accaduto oggi su un treno regionale, in cui un  capotreno \u00e8 stato accoltellato durante un controllo dei biglietti, il nostro sindacato esprime  profonda solidariet\u00e0 al lavoratore colpito e alla sua famiglia. Questo ennesimo atto di  violenza su un mezzo pubblico sottolinea, una volta di pi\u00f9, l\u2019urgenza di garantire maggiore  sicurezza per il personale ferroviario e per i passeggeri. <div id=\"videoincontent\" style=\"clear:both\";><\/div><\/p>\n\n\n\n<p>Chiediamo un impegno immediato e concreto dalle istituzioni e dalle aziende  del settore per tutelare chi lavora ogni giorno a diretto contatto con il pubblico, spesso senza  le risorse adeguate a gestire situazioni di rischio. Episodi di aggressione, purtroppo sempre  pi\u00f9 frequenti, richiedono soluzioni che includano non solo un potenziamento delle misure di  sicurezza e una maggiore presenza di agenti a bordo dei treni, ma anche un chiaro sostegno  ai dipendenti da parte delle autorit\u00e0. <\/p>\n\n\n\n<p>A questo proposito, il nostro sindacato vuole mettere in evidenza una situazione  critica e contraddittoria: esistono capitreno che non gradiscono la presenza della Polizia Ferroviaria a bordo dei treni e, anzi, hanno espresso apertamente il loro dissenso nei  confronti degli operatori di polizia. Questo atteggiamento non solo \u00e8 in netto contrasto con la necessit\u00e0 di sicurezza  per tutti, ma si accompagna a comportamenti deplorevoli: alcuni di questi stessi operatori  FS, infatti, hanno pi\u00f9 volte sporto denuncia contro le forze dell\u2019ordine per ritorsione, dopo essere stati a loro volta denunciati per reati commessi in danno degli agenti stessi: il caso  eclatante ancora irrisolto a Messina. <\/p>\n\n\n\n<p>Il sindacato non pu\u00f2 che condannare fermamente tali comportamenti, in quanto minano la fiducia e la collaborazione necessaria tra il personale ferroviario e le forze di  sicurezza, mettendo a rischio la tutela di tutti.  La sicurezza sul lavoro non pu\u00f2 e non deve essere influenzata da atteggiamenti  personali o da dinamiche di conflitto verso chi \u00e8 incaricato di garantire l\u2019ordine pubblico. Chiediamo con forza: <\/p>\n\n\n\n<p>1. Un intervento risolutivo per promuovere un ambiente di lavoro in cui la  sicurezza e la collaborazione con le forze dell\u2019ordine siano garantite e rispettate.<\/p>\n\n\n\n<p>2. L\u2019adozione di protocolli di prevenzione che permettano al personale  ferroviario di svolgere il proprio lavoro senza essere esposto a rischi evitabili. <\/p>\n\n\n\n<p>3. Che ogni episodio di violenza a bordo venga trattato con la massima severit\u00e0,  tutelando al contempo il personale che lavora con integrit\u00e0 e nel rispetto della legge. La sicurezza non \u00e8 un\u2019opinione, ma un diritto.  Invitiamo tutti i dipendenti a riconoscere il ruolo fondamentale delle forze di  polizia a bordo dei treni e a collaborare per costruire un ambiente pi\u00f9 sicuro e dignitoso per tutti.&#8221;<\/p>\n","protected":false},"excerpt":{"rendered":"<p>Il Sindacato Italiano Unitario Lavoratori di Polizia (Siulp) era intervenuto su un caso accaduto due giorni fa su un treno regionale. Un capotreno aveva subito un accoltellamento. Il sindacato aveva espresso la sua solidariet\u00e0 alla vittima. &#8220;In seguito al grave episodio accaduto oggi su un treno regionale, in cui un capotreno \u00e8 stato accoltellato durante [&hellip;]<\/p>\n","protected":false},"author":15,"featured_media":48422,"comment_status":"open","ping_status":"open","sticky":false,"template":"","format":"standard","meta":{"ub_ctt_via":"","_mi_skip_tracking":false},"categories":[5,6,1],"tags":[10778,4368,1710],"featured_image_src":"https:\/\/www.messinaoggi.it\/website\/wp-content\/uploads\/2020\/10\/treno-pop-trenitalia.jpg","author_info":{"display_name":"red.me","author_link":"https:\/\/www.messinaoggi.it\/website\/author\/red-me\/"},"digistream_id":0,"digistream":false,"_links":{"self":[{"href":"https:\/\/www.messinaoggi.it\/website\/wp-json\/wp\/v2\/posts\/217580"}],"collection":[{"href":"https:\/\/www.messinaoggi.it\/website\/wp-json\/wp\/v2\/posts"}],"about":[{"href":"https:\/\/www.messinaoggi.it\/website\/wp-json\/wp\/v2\/types\/post"}],"author":[{"embeddable":true,"href":"https:\/\/www.messinaoggi.it\/website\/wp-json\/wp\/v2\/users\/15"}],"replies":[{"embeddable":true,"href":"https:\/\/www.messinaoggi.it\/website\/wp-json\/wp\/v2\/comments?post=217580"}],"version-history":[{"count":10,"href":"https:\/\/www.messinaoggi.it\/website\/wp-json\/wp\/v2\/posts\/217580\/revisions"}],"predecessor-version":[{"id":217594,"href":"https:\/\/www.messinaoggi.it\/website\/wp-json\/wp\/v2\/posts\/217580\/revisions\/217594"}],"wp:featuredmedia":[{"embeddable":true,"href":"https:\/\/www.messinaoggi.it\/website\/wp-json\/wp\/v2\/media\/48422"}],"wp:attachment":[{"href":"https:\/\/www.messinaoggi.it\/website\/wp-json\/wp\/v2\/media?parent=217580"}],"wp:term":[{"taxonomy":"category","embeddable":true,"href":"https:\/\/www.messinaoggi.it\/website\/wp-json\/wp\/v2\/categories?post=217580"},{"taxonomy":"post_tag","embeddable":true,"href":"https:\/\/www.messinaoggi.it\/website\/wp-json\/wp\/v2\/tags?post=217580"}],"curies":[{"name":"wp","href":"https:\/\/api.w.org\/{rel}","templated":true}]}}