{"id":21757,"date":"2018-07-10T16:17:50","date_gmt":"2018-07-10T14:17:50","guid":{"rendered":"http:\/\/www.messinaoggi.it\/website\/?p=21757"},"modified":"2018-07-10T16:17:50","modified_gmt":"2018-07-10T14:17:50","slug":"atm-da-fiore-allocchiello-a-vaso-di-pandora-de-luca-stiamo-valutando-i-rimborsi-dei-dirigenti","status":"publish","type":"post","link":"https:\/\/www.messinaoggi.it\/website\/2018\/07\/10\/atm-da-fiore-allocchiello-a-vaso-di-pandora-de-luca-stiamo-valutando-i-rimborsi-dei-dirigenti\/","title":{"rendered":"Atm, da fiore all&#039;occhiello a vaso di Pandora. De Luca: &quot;Stiamo valutando i rimborsi dei dirigenti&quot;"},"content":{"rendered":"<p style=\"text-align: justify\">\u201c<em>Una situazione gravissima\u201d<\/em>. Cos\u00ec il sindaco, Cateno De Luca ha etichettato la condizione in cui versa l\u2019Atm, dopo l\u2019incontro con il collegio dei revisori dei conti che si \u00e8 consumato nella giornata di ieri. L\u2019azienda dei trasporti \u00e8 stata il fiore all\u2019occhiello dell\u2019amministrazione Accorinti, motivo di vanto su cui creare buona parte del consenso, ma adesso rischia di diventare il pi\u00f9 classico vaso di pandora. Un vaso che De Luca sta scoperchiando, soprattutto sotto il profilo della gestione economica.<div id=\"div-gpt-ad-Messinaoggi.it-DSK-300x250-corpoart\" style=\"text-align:center;margin:0 auto;\"><\/div><\/p>\n<p style=\"text-align: justify\">Il guanto di sfida De Luca lo ha lanciato quando ha annunciato il blocco delle assunzioni preposte nelle ultime settimane, facendo sobbalzare dalla sedia i sindacati pronti allo stato d\u2019agitazione dei lavoratori. Successivamente \u00e8 intervenuto il presidente, Giovanni Foti, che respinto le velleit\u00e0 del sindaco, che dal canto suo non ha alcun intenzione di indietreggiare.<div id=\"videoincontent\" style=\"clear:both\";><\/div><\/p>\n<p style=\"text-align: justify\">De Luca rincara la dose: <em>\u201cAbbiamo riscontrato delle convocazioni continue da parte del collegio, almeno sette o otto non consentite, questa cosa ci \u00e8 stata evidenziata dal presidente del collegio, che aveva pi\u00f9 volte annunciato al presidente Foti di evitare questi passaggi. Trovo grave l\u2019autoattribuzione delle indennit\u00e0, c\u2019\u00e8 una legge che le stabilisce, i compensi devono essere adeguati alle norme ma a quanto pare alcuni rimborsi del presidente sarebbero illegittimi. Questa situazione ci ha fatto pensare, anche in relazione ad un\u2019altra convocazione, dove il \u00a0Consiglio d\u2019Amministrazione ci comunica la volont\u00e0 di andare avanti, nonostante l\u2019incontro gi\u00e0 fissato per gioved\u00ec. Trovo atteggiamenti molto sgarbati sotto il punto di vista istituzionale\u201d.<\/em><\/p>\n<p style=\"text-align: justify\">Sul servizio De Luca risponde ai sindacati e a Foti: <em>\u201cLe emergenze quando non ci sono sembra che qualcuno le voglia creare o inventarle, voglio capire il piano industriale cosa prevede e soprattutto perch\u00e9 tanti che hanno la qualifica di autista non svolgono questo ruolo, Ritengo che sia legittimo che il socio dell\u2019azienda, cio\u00e8 il Comune, davanti ad un quadro economico disastroso ponga degli interrogativi davanti ad eventuali nuovi impegni di spesa<\/em>\u201d. Sulla mancata presentazione in Consiglio dei bilanci dell\u2019azienda, il sindaco aggiunge: <em>\u201cDobbiamo capire come mettere un punto, non si approvano bilanci dal 2010 e qui si pu\u00f2 mettere in discussione la legittimit\u00e0 degli spostamenti di risorse delle casse comunali verso la societ\u00e0\u201d. \u00a0<\/em><\/p>\n<p>Antonio Macauda<\/p>\n","protected":false},"excerpt":{"rendered":"<p>\u201cUna situazione gravissima\u201d. Cos\u00ec il sindaco, Cateno De Luca ha etichettato la condizione in cui versa l\u2019Atm, dopo l\u2019incontro con il collegio dei revisori dei conti che si \u00e8 consumato nella giornata di ieri. L\u2019azienda dei trasporti \u00e8 stata il fiore all\u2019occhiello dell\u2019amministrazione Accorinti, motivo di vanto su cui creare buona parte del consenso, ma [&hellip;]<\/p>\n","protected":false},"author":15,"featured_media":21232,"comment_status":"closed","ping_status":"open","sticky":false,"template":"","format":"standard","meta":{"ub_ctt_via":"","_mi_skip_tracking":false},"categories":[6],"tags":[],"featured_image_src":"https:\/\/www.messinaoggi.it\/website\/wp-content\/uploads\/2018\/06\/De-Luca-Cateno-con-tricolore-durante-interviste-video-messinaoggiMarcyRuggi-1.jpg","author_info":{"display_name":"red.me","author_link":"https:\/\/www.messinaoggi.it\/website\/author\/red-me\/"},"digistream_id":0,"digistream":false,"_links":{"self":[{"href":"https:\/\/www.messinaoggi.it\/website\/wp-json\/wp\/v2\/posts\/21757"}],"collection":[{"href":"https:\/\/www.messinaoggi.it\/website\/wp-json\/wp\/v2\/posts"}],"about":[{"href":"https:\/\/www.messinaoggi.it\/website\/wp-json\/wp\/v2\/types\/post"}],"author":[{"embeddable":true,"href":"https:\/\/www.messinaoggi.it\/website\/wp-json\/wp\/v2\/users\/15"}],"replies":[{"embeddable":true,"href":"https:\/\/www.messinaoggi.it\/website\/wp-json\/wp\/v2\/comments?post=21757"}],"version-history":[{"count":0,"href":"https:\/\/www.messinaoggi.it\/website\/wp-json\/wp\/v2\/posts\/21757\/revisions"}],"wp:featuredmedia":[{"embeddable":true,"href":"https:\/\/www.messinaoggi.it\/website\/wp-json\/wp\/v2\/media\/21232"}],"wp:attachment":[{"href":"https:\/\/www.messinaoggi.it\/website\/wp-json\/wp\/v2\/media?parent=21757"}],"wp:term":[{"taxonomy":"category","embeddable":true,"href":"https:\/\/www.messinaoggi.it\/website\/wp-json\/wp\/v2\/categories?post=21757"},{"taxonomy":"post_tag","embeddable":true,"href":"https:\/\/www.messinaoggi.it\/website\/wp-json\/wp\/v2\/tags?post=21757"}],"curies":[{"name":"wp","href":"https:\/\/api.w.org\/{rel}","templated":true}]}}