{"id":217438,"date":"2024-11-07T14:25:14","date_gmt":"2024-11-07T13:25:14","guid":{"rendered":"http:\/\/www.messinaoggi.it\/website\/?p=217438"},"modified":"2024-11-07T14:25:15","modified_gmt":"2024-11-07T13:25:15","slug":"presentazione-nuovo-calendario-polizia-di-stato","status":"publish","type":"post","link":"https:\/\/www.messinaoggi.it\/website\/2024\/11\/07\/presentazione-nuovo-calendario-polizia-di-stato\/","title":{"rendered":"Presentazione nuovo calendario Polizia di Stato"},"content":{"rendered":"\n<p>Sar\u00e0 presentato presso il Gazometro di Roma il Calendario 2025 della Polizia di Stato, alla presenza del Ministro dell&#8217;Interno, Matteo Piantedosi \u00a0e del Capo della Polizia \u2013 Direttore Generale della Pubblica Sicurezza, Prefetto Vittorio Pisani.<div id=\"div-gpt-ad-Messinaoggi.it-DSK-300x250-corpoart\" style=\"text-align:center;margin:0 auto;\"><\/div><\/p>\n\n\n\n<p>Il progetto fotografico di quest\u2019anno porta la firma di Eolo Perfido, maestro della <em>street photography <\/em>e fotografo di fama internazionale, che ha immortalato con il suo obiettivo il lavoro quotidiano della Polizia di Stato.<div id=\"videoincontent\" style=\"clear:both\";><\/div><\/p>\n\n\n\n<p>In un suggestivo bianco e nero, Perfido ha saputo raccontare non solo le attivit\u00e0 operative, ma anche  momenti pi\u00f9 intimi,  gli scambi di sguardi e le interazioni con i cittadini, che rafforzano il legame della Polizia con la comunit\u00e0. Un lavoro che celebra il motto dell\u2019istituzione: \u201cesserci sempre\u201d, come parte integrante e attiva del tessuto sociale.<\/p>\n\n\n\n<p>L&#8217;intero ricavato delle vendite sar\u00e0 destinato a scopi benefici: una parte sosterr\u00e0 il Piano Marco Valerio, un progetto che aiuta le famiglie dei poliziotti con figli affetti da gravi patologie, mentre l\u2019altra contribuir\u00e0 a finanziare l&#8217;iniziativa \u201cSchool in a Box\u201d del Comitato Italiano per l&#8217;UNICEF finalizzato a garantire il diritto all\u2019istruzione anche nei contesti di crisi, fornendo strumenti  essenziali per l\u2019apprendimento.<\/p>\n\n\n\n<p>L&#8217;evento  condotto da Eleonora Daniele, vedr\u00e0 la partecipazione di illustri personalit\u00e0 del mondo della cultura e dello spettacolo, tra cui Bruno Vespa, Beppe Vessicchio, Gigi Marzullo e Alessandro Siani.<\/p>\n","protected":false},"excerpt":{"rendered":"<p>Sar\u00e0 presentato presso il Gazometro di Roma il Calendario 2025 della Polizia di Stato, alla presenza del Ministro dell&#8217;Interno, Matteo Piantedosi \u00a0e del Capo della Polizia \u2013 Direttore Generale della Pubblica Sicurezza, Prefetto Vittorio Pisani. Il progetto fotografico di quest\u2019anno porta la firma di Eolo Perfido, maestro della street photography e fotografo di fama internazionale, [&hellip;]<\/p>\n","protected":false},"author":2,"featured_media":162094,"comment_status":"open","ping_status":"open","sticky":false,"template":"","format":"standard","meta":{"ub_ctt_via":"","_mi_skip_tracking":false},"categories":[5],"tags":[10770,3984,4730],"featured_image_src":"https:\/\/www.messinaoggi.it\/website\/wp-content\/uploads\/2023\/07\/polizia3.jpg","author_info":{"display_name":"Redazione","author_link":"https:\/\/www.messinaoggi.it\/website\/author\/redazione\/"},"digistream_id":0,"digistream":false,"_links":{"self":[{"href":"https:\/\/www.messinaoggi.it\/website\/wp-json\/wp\/v2\/posts\/217438"}],"collection":[{"href":"https:\/\/www.messinaoggi.it\/website\/wp-json\/wp\/v2\/posts"}],"about":[{"href":"https:\/\/www.messinaoggi.it\/website\/wp-json\/wp\/v2\/types\/post"}],"author":[{"embeddable":true,"href":"https:\/\/www.messinaoggi.it\/website\/wp-json\/wp\/v2\/users\/2"}],"replies":[{"embeddable":true,"href":"https:\/\/www.messinaoggi.it\/website\/wp-json\/wp\/v2\/comments?post=217438"}],"version-history":[{"count":1,"href":"https:\/\/www.messinaoggi.it\/website\/wp-json\/wp\/v2\/posts\/217438\/revisions"}],"predecessor-version":[{"id":217439,"href":"https:\/\/www.messinaoggi.it\/website\/wp-json\/wp\/v2\/posts\/217438\/revisions\/217439"}],"wp:featuredmedia":[{"embeddable":true,"href":"https:\/\/www.messinaoggi.it\/website\/wp-json\/wp\/v2\/media\/162094"}],"wp:attachment":[{"href":"https:\/\/www.messinaoggi.it\/website\/wp-json\/wp\/v2\/media?parent=217438"}],"wp:term":[{"taxonomy":"category","embeddable":true,"href":"https:\/\/www.messinaoggi.it\/website\/wp-json\/wp\/v2\/categories?post=217438"},{"taxonomy":"post_tag","embeddable":true,"href":"https:\/\/www.messinaoggi.it\/website\/wp-json\/wp\/v2\/tags?post=217438"}],"curies":[{"name":"wp","href":"https:\/\/api.w.org\/{rel}","templated":true}]}}