{"id":217383,"date":"2024-11-07T10:41:05","date_gmt":"2024-11-07T09:41:05","guid":{"rendered":"http:\/\/www.messinaoggi.it\/website\/?p=217383"},"modified":"2024-11-07T11:11:03","modified_gmt":"2024-11-07T10:11:03","slug":"insulti-razziali-scatta-un-daspo-per-un-tifoso","status":"publish","type":"post","link":"https:\/\/www.messinaoggi.it\/website\/2024\/11\/07\/insulti-razziali-scatta-un-daspo-per-un-tifoso\/","title":{"rendered":"Insulti razziali: scatta un Daspo per un tifoso"},"content":{"rendered":"\n<p>Insulti e versi a sfondo razziale: scatta un Daspo nei confronti di un tifoso. I fatti risalgono allo scorso 13 ottobre, durante l\u2019incontro di calcio \u201cA.S.D. Jonica F.C. \u2013 Citt\u00e0 di Avola 2020 tenutosi presso il campo sportivo Bucalo di Santa Teresa di Riva e vedono protagonista un giocatore della squadra locale, bersaglio di ripetuti cori e insulti razzisti da parte della tifoseria ospite nel corso del secondo tempo. Il giocatore fatto oggetto di scherno in segno di protesta ha abbandonato il terreno di gioco, seguito, per solidariet\u00e0, dai compagni di squadra, con la conseguente sospensione anticipata dell\u2019incontro da parte del direttore di gara.<div id=\"div-gpt-ad-Messinaoggi.it-DSK-300x250-corpoart\" style=\"text-align:center;margin:0 auto;\"><\/div><\/p>\n\n\n\n<p>Il grave episodio \u00e8 stato debitamente valutato dalla Divisione Anticrimine della Questura di Messina all\u2019esito della cui attivit\u00e0 istruttoria, resa possibile dal contributo investigativo del Comando Stazione Carabinieri di Santa Teresa Riva, il Questore di Messina Annino Gargano, quale Autorit\u00e0 Provinciale di Pubblica Sicurezza, ha emesso un provvedimento di D.A.Spo (<em>Divieto di accedere alle manifestazioni sportive)<\/em> della durata di anni due nei confronti di uno dei tifosi individuati quali autori dell\u2019aggressione verbale.<div id=\"videoincontent\" style=\"clear:both\";><\/div><\/p>\n\n\n\n<p>Il tifoso, gi\u00e0 in passato segnalato per possesso di fumogeni in occasione di un altro match del Citt\u00e0 di Avola, \u00e8 stato altres\u00ec deferito all\u2019Autorit\u00e0 Giudiziaria per il reato di propaganda e istigazione a delinquere per motivi razziali, etnici o religiosi.<\/p>\n","protected":false},"excerpt":{"rendered":"<p>Insulti e versi a sfondo razziale: scatta un Daspo nei confronti di un tifoso. I fatti risalgono allo scorso 13 ottobre, durante l\u2019incontro di calcio \u201cA.S.D. Jonica F.C. \u2013 Citt\u00e0 di Avola 2020 tenutosi presso il campo sportivo Bucalo di Santa Teresa di Riva e vedono protagonista un giocatore della squadra locale, bersaglio di ripetuti [&hellip;]<\/p>\n","protected":false},"author":2,"featured_media":1465,"comment_status":"open","ping_status":"open","sticky":false,"template":"","format":"standard","meta":{"ub_ctt_via":"","_mi_skip_tracking":false},"categories":[10,6,9],"tags":[1431,10759,9672,10760],"featured_image_src":"https:\/\/www.messinaoggi.it\/website\/wp-content\/uploads\/2017\/06\/Questura-tabella-2.jpg","author_info":{"display_name":"Redazione","author_link":"https:\/\/www.messinaoggi.it\/website\/author\/redazione\/"},"digistream_id":0,"digistream":false,"_links":{"self":[{"href":"https:\/\/www.messinaoggi.it\/website\/wp-json\/wp\/v2\/posts\/217383"}],"collection":[{"href":"https:\/\/www.messinaoggi.it\/website\/wp-json\/wp\/v2\/posts"}],"about":[{"href":"https:\/\/www.messinaoggi.it\/website\/wp-json\/wp\/v2\/types\/post"}],"author":[{"embeddable":true,"href":"https:\/\/www.messinaoggi.it\/website\/wp-json\/wp\/v2\/users\/2"}],"replies":[{"embeddable":true,"href":"https:\/\/www.messinaoggi.it\/website\/wp-json\/wp\/v2\/comments?post=217383"}],"version-history":[{"count":1,"href":"https:\/\/www.messinaoggi.it\/website\/wp-json\/wp\/v2\/posts\/217383\/revisions"}],"predecessor-version":[{"id":217384,"href":"https:\/\/www.messinaoggi.it\/website\/wp-json\/wp\/v2\/posts\/217383\/revisions\/217384"}],"wp:featuredmedia":[{"embeddable":true,"href":"https:\/\/www.messinaoggi.it\/website\/wp-json\/wp\/v2\/media\/1465"}],"wp:attachment":[{"href":"https:\/\/www.messinaoggi.it\/website\/wp-json\/wp\/v2\/media?parent=217383"}],"wp:term":[{"taxonomy":"category","embeddable":true,"href":"https:\/\/www.messinaoggi.it\/website\/wp-json\/wp\/v2\/categories?post=217383"},{"taxonomy":"post_tag","embeddable":true,"href":"https:\/\/www.messinaoggi.it\/website\/wp-json\/wp\/v2\/tags?post=217383"}],"curies":[{"name":"wp","href":"https:\/\/api.w.org\/{rel}","templated":true}]}}