{"id":217377,"date":"2024-11-07T10:05:37","date_gmt":"2024-11-07T09:05:37","guid":{"rendered":"https:\/\/www.messinaoggi.it\/website\/2024\/11\/07\/blitz-dei-carabinieri-contro-cosche-della-ndrangheta-59-arresti\/"},"modified":"2024-11-07T10:05:37","modified_gmt":"2024-11-07T09:05:37","slug":"blitz-dei-carabinieri-contro-cosche-della-ndrangheta-59-arresti","status":"publish","type":"post","link":"https:\/\/www.messinaoggi.it\/website\/2024\/11\/07\/blitz-dei-carabinieri-contro-cosche-della-ndrangheta-59-arresti\/","title":{"rendered":"Blitz dei Carabinieri contro cosche della \u2018Ndrangheta, 59 arresti"},"content":{"rendered":"<div>CATANZARO (ITALPRESS) &#8211; I Carabinieri, con il coordinamento della<br \/>Procura della Repubblica &#8211; Direzione Distrettuale Antimafia di<br \/>Catania, hannoe seguito nel circondario di Lamezia Terme e in<br \/>altri centri del territorio nazionale, un&#8217;ordinanza di custodia<br \/>cautelare nei confronti di 59 persone. Cinquanta sono finiti in<br \/>carcere, mentre 9 agli arresti domiciliari. Sono accusati di<br \/>associazione di tipo &#8216;ndranghetistico, associazione a delinquere<br \/>finalizzata al traffico di sostanze stupefacenti, anche aggravata<br \/>dalle modalit\u00e0 e finalit\u00e0 mafiose, nonch\u00e8 in ordine ad altri<br \/>numerosi reati, anche aggravati dalle modalit\u00e0 e finalit\u00e0 mafiose.<div id=\"div-gpt-ad-Messinaoggi.it-DSK-300x250-corpoart\" style=\"text-align:center;margin:0 auto;\"><\/div><\/p>\n<p>&#8211; Foto: Da video Carabinieri &#8211; <div id=\"videoincontent\" style=\"clear:both\";><\/div><\/p>\n<p>(ITALPRESS).<\/p><\/div>\n","protected":false},"excerpt":{"rendered":"<p>CATANZARO (ITALPRESS) &#8211; I Carabinieri, con il coordinamento dellaProcura della Repubblica &#8211; Direzione Distrettuale Antimafia diCatania, hannoe seguito nel circondario di Lamezia Terme e inaltri centri del territorio nazionale, un&#8217;ordinanza di custodiacautelare nei confronti di 59 persone. Cinquanta sono finiti incarcere, mentre 9 agli arresti domiciliari. Sono accusati diassociazione di tipo &#8216;ndranghetistico, associazione a delinquerefinalizzata [&hellip;]<\/p>\n","protected":false},"author":18,"featured_media":217378,"comment_status":"closed","ping_status":"closed","sticky":false,"template":"","format":"standard","meta":{"ub_ctt_via":"","_mi_skip_tracking":false},"categories":[446],"tags":[783],"featured_image_src":"https:\/\/www.messinaoggi.it\/website\/wp-content\/uploads\/2024\/11\/20241107_0068.jpg","author_info":{"display_name":"Admin","author_link":"https:\/\/www.messinaoggi.it\/website\/author\/admin\/"},"digistream_id":0,"digistream":false,"_links":{"self":[{"href":"https:\/\/www.messinaoggi.it\/website\/wp-json\/wp\/v2\/posts\/217377"}],"collection":[{"href":"https:\/\/www.messinaoggi.it\/website\/wp-json\/wp\/v2\/posts"}],"about":[{"href":"https:\/\/www.messinaoggi.it\/website\/wp-json\/wp\/v2\/types\/post"}],"author":[{"embeddable":true,"href":"https:\/\/www.messinaoggi.it\/website\/wp-json\/wp\/v2\/users\/18"}],"replies":[{"embeddable":true,"href":"https:\/\/www.messinaoggi.it\/website\/wp-json\/wp\/v2\/comments?post=217377"}],"version-history":[{"count":0,"href":"https:\/\/www.messinaoggi.it\/website\/wp-json\/wp\/v2\/posts\/217377\/revisions"}],"wp:featuredmedia":[{"embeddable":true,"href":"https:\/\/www.messinaoggi.it\/website\/wp-json\/wp\/v2\/media\/217378"}],"wp:attachment":[{"href":"https:\/\/www.messinaoggi.it\/website\/wp-json\/wp\/v2\/media?parent=217377"}],"wp:term":[{"taxonomy":"category","embeddable":true,"href":"https:\/\/www.messinaoggi.it\/website\/wp-json\/wp\/v2\/categories?post=217377"},{"taxonomy":"post_tag","embeddable":true,"href":"https:\/\/www.messinaoggi.it\/website\/wp-json\/wp\/v2\/tags?post=217377"}],"curies":[{"name":"wp","href":"https:\/\/api.w.org\/{rel}","templated":true}]}}