{"id":217366,"date":"2024-11-06T22:05:38","date_gmt":"2024-11-06T21:05:38","guid":{"rendered":"https:\/\/www.messinaoggi.it\/website\/2024\/11\/06\/juric-si-gioca-tutto-in-europa-league-conta-solo-vincere\/"},"modified":"2024-11-06T22:05:38","modified_gmt":"2024-11-06T21:05:38","slug":"juric-si-gioca-tutto-in-europa-league-conta-solo-vincere","status":"publish","type":"post","link":"https:\/\/www.messinaoggi.it\/website\/2024\/11\/06\/juric-si-gioca-tutto-in-europa-league-conta-solo-vincere\/","title":{"rendered":"Juric si gioca tutto in Europa League \u201cConta solo vincere\u201d"},"content":{"rendered":"<div>ROMA (ITALPRESS) &#8211; La sconfitta contro l&#8217;Hellas Verona deve rappresentare il passato per la Roma che, dopo il successo contro la Dinamo Kiev, prover\u00e0 a trovare continuit\u00e0 almeno in Europa League. Ivan Juric, nonostante i recenti risultati, \u00e8 ancora sulla panchina della Roma ma sembra ovvio &#8211; visto anche il probabile arrivo dei Friedkin nella Capitale nei prossimi giorni &#8211; che sia ancora sotto esame e che la sua permanenza sia legata, per forza di cose, a quanto di buono riuscir\u00e0 a fare da qui in avanti. &#8220;Ho sentito i Friedkin e sento la fiducia della societ\u00e0. Poi \u00e8 chiaro che dobbiamo fare risultati, siamo concentrati su quello&#8221;. Queste le parole dell&#8217;allenatore capitolino che, come primo passo, dovr\u00e0 necessariamente battere l&#8217;Union Saint Gilloise, provando a collezionare punti utili a scalare la classifica del maxi girone europeo, ma anche &#8220;per il morale dei ragazzi. Faremo di tutto per vincere e per fare una grande partita&#8221;. <br \/>A suonare la carica anche il portiere giallorosso, Mile Svilar, che ha sottolineato quanto la squadra sia stata sfortunata nelle ultime gare, ribadendo, per\u00f2, la necessit\u00e0 di fare meglio, perch\u00e8 &#8220;vogliamo iniziare a vincere. Dobbiamo concentrarci solo sul campo e i risultati arriveranno&#8221;. A difendere la porta della Roma ci sar\u00e0 proprio il belga, mentre in difesa il tecnico giallorosso deve fare i conti con qualche defezione: saranno infatti assenti N&#8217;Dicka, bloccato dalla febbre, ed Hermoso. Possibile quindi che sia Hummels a partire titolare al fianco di Mancini e Angelino. In cabina di regia potrebbero trovare spazio Le Fee e Kon\u00e8, mentre sulle corsie dovrebbero agire Celik ed El Shaarawy, rispettivamente a destra e a sinistra, con Zalewski in panchina. Davanti Dovbyk \u00e8 certo del posto, mentre pi\u00f9 arretrati ci potrebbero essere Pellegrini e Soul\u00e8, in fiducia dopo il gol trovato nell&#8217;ultimo turno di campionato.<br \/>&#8211; Foto Ipa Agency &#8211;<br \/>(ITALPRESS).<\/div>\n<div id=\"div-gpt-ad-Messinaoggi.it-DSK-300x250-corpoart\" style=\"text-align:center;margin:0 auto;\"><\/div><\/p><div id=\"videoincontent\" style=\"clear:both\";><\/div>","protected":false},"excerpt":{"rendered":"<p>ROMA (ITALPRESS) &#8211; La sconfitta contro l&#8217;Hellas Verona deve rappresentare il passato per la Roma che, dopo il successo contro la Dinamo Kiev, prover\u00e0 a trovare continuit\u00e0 almeno in Europa League. Ivan Juric, nonostante i recenti risultati, \u00e8 ancora sulla panchina della Roma ma sembra ovvio &#8211; visto anche il probabile arrivo dei Friedkin nella [&hellip;]<\/p>\n","protected":false},"author":18,"featured_media":217367,"comment_status":"closed","ping_status":"closed","sticky":false,"template":"","format":"standard","meta":{"ub_ctt_via":"","_mi_skip_tracking":false},"categories":[446],"tags":[783],"featured_image_src":"https:\/\/www.messinaoggi.it\/website\/wp-content\/uploads\/2024\/11\/20241106_2485.jpg","author_info":{"display_name":"Admin","author_link":"https:\/\/www.messinaoggi.it\/website\/author\/admin\/"},"digistream_id":0,"digistream":false,"_links":{"self":[{"href":"https:\/\/www.messinaoggi.it\/website\/wp-json\/wp\/v2\/posts\/217366"}],"collection":[{"href":"https:\/\/www.messinaoggi.it\/website\/wp-json\/wp\/v2\/posts"}],"about":[{"href":"https:\/\/www.messinaoggi.it\/website\/wp-json\/wp\/v2\/types\/post"}],"author":[{"embeddable":true,"href":"https:\/\/www.messinaoggi.it\/website\/wp-json\/wp\/v2\/users\/18"}],"replies":[{"embeddable":true,"href":"https:\/\/www.messinaoggi.it\/website\/wp-json\/wp\/v2\/comments?post=217366"}],"version-history":[{"count":0,"href":"https:\/\/www.messinaoggi.it\/website\/wp-json\/wp\/v2\/posts\/217366\/revisions"}],"wp:featuredmedia":[{"embeddable":true,"href":"https:\/\/www.messinaoggi.it\/website\/wp-json\/wp\/v2\/media\/217367"}],"wp:attachment":[{"href":"https:\/\/www.messinaoggi.it\/website\/wp-json\/wp\/v2\/media?parent=217366"}],"wp:term":[{"taxonomy":"category","embeddable":true,"href":"https:\/\/www.messinaoggi.it\/website\/wp-json\/wp\/v2\/categories?post=217366"},{"taxonomy":"post_tag","embeddable":true,"href":"https:\/\/www.messinaoggi.it\/website\/wp-json\/wp\/v2\/tags?post=217366"}],"curies":[{"name":"wp","href":"https:\/\/api.w.org\/{rel}","templated":true}]}}