{"id":217322,"date":"2024-11-07T10:00:00","date_gmt":"2024-11-07T09:00:00","guid":{"rendered":"https:\/\/www.messinaoggi.it\/website\/2024\/11\/06\/nasce-la-banca-agricola-popolare-di-sicilia\/"},"modified":"2024-11-07T10:57:19","modified_gmt":"2024-11-07T09:57:19","slug":"nasce-la-banca-agricola-popolare-di-sicilia","status":"publish","type":"post","link":"https:\/\/www.messinaoggi.it\/website\/2024\/11\/07\/nasce-la-banca-agricola-popolare-di-sicilia\/","title":{"rendered":"Nasce la Banca Agricola Popolare di Sicilia"},"content":{"rendered":"<div>\n<p>PALERMO (ITALPRESS) \u2013 Nasce la Banca Agricola Popolare di Sicilia. Lo rende noto la Uilca Uil regionale, sottolineando in una nota che \u201cconta 902 dipendenti e 106 agenzie, una realt\u00e0 importante per la Regione confermandosi come terza banca presente in Sicilia per numero di agenzie e dipendenti, dopo Unicredit ed Intesa SanPaolo, e come prima banca popolare in Italia\u201d.<br \/>\nOggi \u00e8 stato firmato, dalla Uilca Uil, dalle altre organizzazioni sindacali e dalla delegazione aziendale delle due banche popolari siciliane, l\u2019accordo di fusione per incorporazione della Banca Popolare Sant\u2019Angelo nella Banca Agricola Popolare di Ragusa. Entro il 30 novembre prossimo sar\u00e0 sottoscritto l\u2019atto di fusione per incorporazione che coinvolge le due aziende di credito, con la nascita della Banca Agricola Popolare di Sicilia (BAPS).<br \/>\n\u201cNel rispetto del CCNL credito firmato il 23 novembre 2023, che \u00e8 stato il nostro principale riferimento durante la trattativa, abbiamo formalizzato le garanzie per i dipendenti delle due banche, al fine di contenere le ricadute  determinate dalla fusione\u201d, dichiara il segretario generale Uilca Uil Sicilia Giuseppe Gargano, che sottolinea: \u201cE\u2019 stata una trattativa complessa nella quale abbiamo tenuto conto dell\u2019importanza di una banca regionale di queste dimensioni per l\u2019economia siciliana.  In particolare, riteniamo l\u2019assegnazione a tutti i dipendenti della nascitura BAPS di un pacchetto di azioni un importante segnale politico mirato a realizzare il senso di appartenenza alla nuova azienda. Sono state, inoltre, conquistate garanzie economiche e normative e maggiori tutele rispetto al contratto nazionale di categoria per i bancari che subiranno disagi dai trasferimenti determinati dalla fusione, grazie alla previsione di indennit\u00e0 ad hoc. L\u2019impegno ad incontrarsi, richiesto da tutte le organizzazioni sindacali, per affrontare il tema della solidariet\u00e0 generazionale ed espansiva, arricchisce l\u2019accordo nel senso del rilancio della nuova occupazione nel settore del credito in Sicilia. La creazione in BAPS delle due nuove aree territoriali di Palermo e Licata, che si aggiungono alle tre gi\u00e0 esistenti a Ragusa, Siracusa e Catania-Messina, \u00e8 un segnale chiaro della volont\u00e0 di espandersi e di presidiare al meglio il territorio. L\u2019attenzione alle persone nella quotidianit\u00e0 e nelle scelte aziendali e la giusta considerazione delle situazioni personali e familiari saranno la cartina di tornasole di ci\u00f2 che la Banca Agricola Popolare di Sicilia (BAPS), frutto della fusione, vorr\u00e0 essere in futuro, un\u2019azienda concentrata esclusivamente sul business o anche una banca che riconosce il giusto valore al patrimonio pi\u00f9 grande, il personale\u201d.<br \/>\nI segretari responsabili dei Coordinamenti Uilca delle due banche, Carmelo Sampieri e Gaetano Arcuri, aggiungono: \u201cL\u2019accordo siglato oggi prevede tutele e garanzie, specie in tema di mobilit\u00e0, non solo per i lavoratori della Banca Popolare Sant\u2019Angelo, ma anche per quelli della Banca Agricola Popolare di Ragusa. Esso pone le basi affinch\u00e8 la nuova banca possa essere veramente inclusiva e proprio la realizzazione della piena inclusione di tutti nel progetto aziendale sar\u00e0 la sfida che prioritariamente dovremmo affrontare noi dirigenti sindacali Uilca in Banca Agricola Popolare di Sicilia. Il coinvolgimento e la motivazione di tutti i colleghi della BAPS saranno la chiave del successo della nuova banca\u201d.<br \/>\nAlla trattativa la Uilca, oltre al segretario generale Uilca Uil Sicilia Giuseppe Gargano, nella qualit\u00e0 di delegato della Segreteria Nazionale Uilca, \u00e8 stata presente con una delegazione composta dai componenti dei coordinamenti aziendali Uilca BPSA e BAPR, Clelia Calcagno, Carmelo Sampieri (responsabile Uilca BAPR), Gaetano Arcuri (responsabile Uilca BPSA), Antonello Lo Casto, Leonardo Tarantino, Giuseppe Greco Polito, Pietro Gandolfo, Giuseppe Indelicato.<br \/>\n\u2013 foto ufficio stampa Uilca Uil Sicilia \u2013<br \/>\n(ITALPRESS).<div id=\"div-gpt-ad-Messinaoggi.it-DSK-300x250-corpoart\" style=\"text-align:center;margin:0 auto;\"><\/div><\/p>\n<\/div>\n<div id=\"videoincontent\" style=\"clear:both\";><\/div>","protected":false},"excerpt":{"rendered":"<p>PALERMO (ITALPRESS) \u2013 Nasce la Banca Agricola Popolare di Sicilia. Lo rende noto la Uilca Uil regionale, sottolineando in una nota che \u201cconta 902 dipendenti e 106 agenzie, una realt\u00e0 importante per la Regione confermandosi come terza banca presente in Sicilia per numero di agenzie e dipendenti, dopo Unicredit ed Intesa SanPaolo, e come prima [&hellip;]<\/p>\n","protected":false},"author":18,"featured_media":217323,"comment_status":"closed","ping_status":"closed","sticky":false,"template":"","format":"standard","meta":{"ub_ctt_via":"","_mi_skip_tracking":false},"categories":[11,2449],"tags":[783],"featured_image_src":"https:\/\/www.messinaoggi.it\/website\/wp-content\/uploads\/2024\/11\/20241106_1063.jpg","author_info":{"display_name":"Admin","author_link":"https:\/\/www.messinaoggi.it\/website\/author\/admin\/"},"digistream_id":0,"digistream":false,"_links":{"self":[{"href":"https:\/\/www.messinaoggi.it\/website\/wp-json\/wp\/v2\/posts\/217322"}],"collection":[{"href":"https:\/\/www.messinaoggi.it\/website\/wp-json\/wp\/v2\/posts"}],"about":[{"href":"https:\/\/www.messinaoggi.it\/website\/wp-json\/wp\/v2\/types\/post"}],"author":[{"embeddable":true,"href":"https:\/\/www.messinaoggi.it\/website\/wp-json\/wp\/v2\/users\/18"}],"replies":[{"embeddable":true,"href":"https:\/\/www.messinaoggi.it\/website\/wp-json\/wp\/v2\/comments?post=217322"}],"version-history":[{"count":1,"href":"https:\/\/www.messinaoggi.it\/website\/wp-json\/wp\/v2\/posts\/217322\/revisions"}],"predecessor-version":[{"id":217402,"href":"https:\/\/www.messinaoggi.it\/website\/wp-json\/wp\/v2\/posts\/217322\/revisions\/217402"}],"wp:featuredmedia":[{"embeddable":true,"href":"https:\/\/www.messinaoggi.it\/website\/wp-json\/wp\/v2\/media\/217323"}],"wp:attachment":[{"href":"https:\/\/www.messinaoggi.it\/website\/wp-json\/wp\/v2\/media?parent=217322"}],"wp:term":[{"taxonomy":"category","embeddable":true,"href":"https:\/\/www.messinaoggi.it\/website\/wp-json\/wp\/v2\/categories?post=217322"},{"taxonomy":"post_tag","embeddable":true,"href":"https:\/\/www.messinaoggi.it\/website\/wp-json\/wp\/v2\/tags?post=217322"}],"curies":[{"name":"wp","href":"https:\/\/api.w.org\/{rel}","templated":true}]}}