{"id":217304,"date":"2024-11-06T16:05:40","date_gmt":"2024-11-06T15:05:40","guid":{"rendered":"https:\/\/www.messinaoggi.it\/website\/2024\/11\/06\/da-mattarella-auguri-a-trump-ferma-volonta-di-lavorare-dintesa\/"},"modified":"2024-11-06T16:05:40","modified_gmt":"2024-11-06T15:05:40","slug":"da-mattarella-auguri-a-trump-ferma-volonta-di-lavorare-dintesa","status":"publish","type":"post","link":"https:\/\/www.messinaoggi.it\/website\/2024\/11\/06\/da-mattarella-auguri-a-trump-ferma-volonta-di-lavorare-dintesa\/","title":{"rendered":"Da Mattarella auguri a Trump, \u201cFerma volont\u00e0 di lavorare d\u2019intesa\u201d"},"content":{"rendered":"<div>ROMA (ITALPRESS) &#8211; &#8220;Le porgo cordiali auguri di successo nel suo nuovo mandato alla presidenza degli Stati Uniti d&#8217;America. I nostri Paesi sono uniti da inscindibili vincoli di amicizia e collaborazione, cementati dalla condivisione dei valori democratici e dalla comune adesione a un ordine internazionale fondato sulle regole. Tali legami, che includono l&#8217;imprescindibile dimensione euro-atlantica, sono di vitale importanza, ancor pi\u00f9 nell&#8217;attuale contesto internazionale segnato da conflitti e focolai di instabilit\u00e0&#8221;. Cos\u00ec il presidente della Repubblica, Sergio Mattarella, nel messaggio di auguri inviato al nuove presidente degli Stati Uniti, Donald Trump. &#8220;Nella ricerca di soluzioni efficaci alle gravi crisi del presente, Roma conferma la sua ferma volont\u00e0 di lavorare d&#8217;intesa con Washington, bilateralmente e in tutti consessi multilaterali, oltre che nella cornice delle relazioni tra gli Stati Uniti e l&#8217;Unione Europea. A nome della Repubblica italiana le porgo i migliori auguri di benessere per la sua persona e di prosperit\u00e0 per l&#8217;amico popolo statunitense&#8221;, conclude Mattarella.<br \/>(ITALPRESS).<br \/>-Foto: ufficio stampa Quirinale-<\/div>\n<div id=\"div-gpt-ad-Messinaoggi.it-DSK-300x250-corpoart\" style=\"text-align:center;margin:0 auto;\"><\/div><\/p><div id=\"videoincontent\" style=\"clear:both\";><\/div>","protected":false},"excerpt":{"rendered":"<p>ROMA (ITALPRESS) &#8211; &#8220;Le porgo cordiali auguri di successo nel suo nuovo mandato alla presidenza degli Stati Uniti d&#8217;America. I nostri Paesi sono uniti da inscindibili vincoli di amicizia e collaborazione, cementati dalla condivisione dei valori democratici e dalla comune adesione a un ordine internazionale fondato sulle regole. Tali legami, che includono l&#8217;imprescindibile dimensione euro-atlantica, [&hellip;]<\/p>\n","protected":false},"author":18,"featured_media":217305,"comment_status":"closed","ping_status":"closed","sticky":false,"template":"","format":"standard","meta":{"ub_ctt_via":"","_mi_skip_tracking":false},"categories":[446],"tags":[783],"featured_image_src":"https:\/\/www.messinaoggi.it\/website\/wp-content\/uploads\/2024\/11\/20241106_0891.jpg","author_info":{"display_name":"Admin","author_link":"https:\/\/www.messinaoggi.it\/website\/author\/admin\/"},"digistream_id":0,"digistream":false,"_links":{"self":[{"href":"https:\/\/www.messinaoggi.it\/website\/wp-json\/wp\/v2\/posts\/217304"}],"collection":[{"href":"https:\/\/www.messinaoggi.it\/website\/wp-json\/wp\/v2\/posts"}],"about":[{"href":"https:\/\/www.messinaoggi.it\/website\/wp-json\/wp\/v2\/types\/post"}],"author":[{"embeddable":true,"href":"https:\/\/www.messinaoggi.it\/website\/wp-json\/wp\/v2\/users\/18"}],"replies":[{"embeddable":true,"href":"https:\/\/www.messinaoggi.it\/website\/wp-json\/wp\/v2\/comments?post=217304"}],"version-history":[{"count":0,"href":"https:\/\/www.messinaoggi.it\/website\/wp-json\/wp\/v2\/posts\/217304\/revisions"}],"wp:featuredmedia":[{"embeddable":true,"href":"https:\/\/www.messinaoggi.it\/website\/wp-json\/wp\/v2\/media\/217305"}],"wp:attachment":[{"href":"https:\/\/www.messinaoggi.it\/website\/wp-json\/wp\/v2\/media?parent=217304"}],"wp:term":[{"taxonomy":"category","embeddable":true,"href":"https:\/\/www.messinaoggi.it\/website\/wp-json\/wp\/v2\/categories?post=217304"},{"taxonomy":"post_tag","embeddable":true,"href":"https:\/\/www.messinaoggi.it\/website\/wp-json\/wp\/v2\/tags?post=217304"}],"curies":[{"name":"wp","href":"https:\/\/api.w.org\/{rel}","templated":true}]}}