{"id":217250,"date":"2024-11-06T11:14:16","date_gmt":"2024-11-06T10:14:16","guid":{"rendered":"http:\/\/www.messinaoggi.it\/website\/?p=217250"},"modified":"2024-11-06T11:15:21","modified_gmt":"2024-11-06T10:15:21","slug":"femminicidio-lorena-quaranta-nordio-acquisisce-le-carte-dopo-interrogazione-musolino","status":"publish","type":"post","link":"https:\/\/www.messinaoggi.it\/website\/2024\/11\/06\/femminicidio-lorena-quaranta-nordio-acquisisce-le-carte-dopo-interrogazione-musolino\/","title":{"rendered":"Femminicidio Lorena Quaranta, Nordio acquisisce le carte dopo interrogazione Musolino"},"content":{"rendered":"\n<p>Dopo l\u2019interrogazione parlamentare della senatrice messinese di Iv, Dafne Musolino, il ministro della Giustizia <strong>Carlo Nordio<\/strong> ha acquisito una relazione dalla Corte d&#8217;assise d&#8217;appello di Reggio Calabria, che sta rivedendo il caso del femminicidio di <strong>Lorena Quaranta<\/strong>, per la mancata concessione delle attenuanti generiche nel primo giudizio. Lorena Quaranta, studentessa di Medicina originaria di Favara (Agrigento), fu uccisa a Furci Siculo nel marzo del 2020 durante la pandemia dal suo assassino, l\u2019infermiere calabrese <strong>Antonio De Pace<\/strong>, all&#8217;epoca fidanzato della vittima, che ha confessato il delitto. Con il nuovo processo a Reggio Calabria, deciso dalla Cassazione a luglio scorso, De Pace potrebbe veder \u201ccancellato\u201d l\u2019ergastolo inflitto nella prima sentenza d&#8217;appello a Messina, grazie a una \u201cattenuante da stress da Covid-19\u201d. La Cassazione ha infatti ritenuto che i giudici d&#8217;appello a Messina non avessero adeguatamente considerato il contesto in cui avvenne il femminicidio, ovvero la pandemia.<div id=\"div-gpt-ad-Messinaoggi.it-DSK-300x250-corpoart\" style=\"text-align:center;margin:0 auto;\"><\/div><\/p>\n\n\n\n<p>Questa decisione, che aveva suscitato una forte reazione a livello nazionale, era stata duramente criticata dalla senatrice Musolino nella sua interrogazione al ministro Nordio, con parole come \u00abinquietante apertura\u00bb, \u00abacrobazia ermeneutica\u00bb e \u00absentenza sbilanciata e disattenta\u00bb.<div id=\"videoincontent\" style=\"clear:both\";><\/div><\/p>\n\n\n\n<p>Oggi, a seguito della risposta del ministro, la senatrice Musolino ha dichiarato: \u00abLa sentenza della Corte di Cassazione aveva suscitato incredulit\u00e0 e sfiducia nella giustizia, in particolare per la decisione di annullare la condanna all\u2019ergastolo, ritenendo che la Corte d\u2019Assise d\u2019Appello non avesse preso in considerazione le condizioni psicologiche di De Pace, derivanti dalla paura di contrarre il Covid, ai fini delle attenuanti generiche. La preoccupazione che si potesse sviluppare un orientamento giuridico che ammettesse le attenuanti per femminicidi \u201ccausa Covid\u201d mi ha spinto a presentare una specifica interrogazione parlamentare\u00bb.<\/p>\n\n\n\n<p>&#8220;ll ministro della Giustizia mi risposto con una nota del 10 ottobre che mi \u00e8 stata consegnata alla mia casella di posta nell&#8217;ultima settimana di ottobre. Nel trasmettere la risposta del Ministro Nordio esprimo la mia personale soddisfazione per le risposte fornite dal Ministro che ha mostrato di avere voluto innanzitutto approfondire specificatamente la questione, acquisendo una relazione dal Consigliere designato presso la Corte d&#8217;Assise d&#8217;Appello di Reggio Calabria per comprendere le ragioni della sentenza di annullamento\u201d ha spiegato Musolino.<\/p>\n\n\n\n<p>\u201cIl ministro inoltre \u2013 sottolinea la senatrice di Italia Viva &#8211; ha dato prova di una grande sensibilit\u00e0 sul tema della formazione dei magistrati chiamati a pronunciarsi sui reati di violenza di genere, impegnandosi ad elaborare specifiche linee guida per la formazione degli stessi con il fine di evitare l&#8217;odioso fenomeno della vittimizzazione secondaria e, al contempo, garantire un livello di preparazione del corpo magistratuale che sia &#8220;in grado di farsi interprete di una societ\u00e0 matura, che ripugna un simile fenomeno e riconosce i valore supremo del rispetto della dignit\u00e0 delle vittime e della tutela dei loro diritti, e ci\u00f2 a prescindere dalla composizione di genere del collegio stesso&#8221;.<\/p>\n\n\n\n<p>\u201cIn ultimo, particolarmente rilevante dal punto di vista politico, \u00e8 la dichiarazione finale con la quale il Ministro, rispondendo ad un mio specifico quesito, ha confermato la volont\u00e0 di introdurre i test e i colloqui psico-attitudinali tra le prove alle quali saranno chiamati a sottoporsi gli aspiranti candidati del concorso a magistrato ordinario \u2018volti a verificare l&#8217;assenza di condizioni di inidoneit\u00e0 alla funzione giudiziaria nei termini che saranno definiti, nell&#8217;esercizio delle sue prerogative di Organo di autogoverno, dal Consiglio superiore della magistratura&#8221; ha concluso. <\/p>\n","protected":false},"excerpt":{"rendered":"<p>Dopo l\u2019interrogazione parlamentare della senatrice messinese di Iv, Dafne Musolino, il ministro della Giustizia Carlo Nordio ha acquisito una relazione dalla Corte d&#8217;assise d&#8217;appello di Reggio Calabria, che sta rivedendo il caso del femminicidio di Lorena Quaranta, per la mancata concessione delle attenuanti generiche nel primo giudizio. Lorena Quaranta, studentessa di Medicina originaria di Favara [&hellip;]<\/p>\n","protected":false},"author":15,"featured_media":49484,"comment_status":"open","ping_status":"open","sticky":false,"template":"","format":"standard","meta":{"ub_ctt_via":"","_mi_skip_tracking":false},"categories":[5,4,6],"tags":[5742,167,2846,571,4800],"featured_image_src":"https:\/\/www.messinaoggi.it\/website\/wp-content\/uploads\/2020\/11\/lorena-quaranta.jpg","author_info":{"display_name":"red.me","author_link":"https:\/\/www.messinaoggi.it\/website\/author\/red-me\/"},"digistream_id":0,"digistream":false,"_links":{"self":[{"href":"https:\/\/www.messinaoggi.it\/website\/wp-json\/wp\/v2\/posts\/217250"}],"collection":[{"href":"https:\/\/www.messinaoggi.it\/website\/wp-json\/wp\/v2\/posts"}],"about":[{"href":"https:\/\/www.messinaoggi.it\/website\/wp-json\/wp\/v2\/types\/post"}],"author":[{"embeddable":true,"href":"https:\/\/www.messinaoggi.it\/website\/wp-json\/wp\/v2\/users\/15"}],"replies":[{"embeddable":true,"href":"https:\/\/www.messinaoggi.it\/website\/wp-json\/wp\/v2\/comments?post=217250"}],"version-history":[{"count":7,"href":"https:\/\/www.messinaoggi.it\/website\/wp-json\/wp\/v2\/posts\/217250\/revisions"}],"predecessor-version":[{"id":217257,"href":"https:\/\/www.messinaoggi.it\/website\/wp-json\/wp\/v2\/posts\/217250\/revisions\/217257"}],"wp:featuredmedia":[{"embeddable":true,"href":"https:\/\/www.messinaoggi.it\/website\/wp-json\/wp\/v2\/media\/49484"}],"wp:attachment":[{"href":"https:\/\/www.messinaoggi.it\/website\/wp-json\/wp\/v2\/media?parent=217250"}],"wp:term":[{"taxonomy":"category","embeddable":true,"href":"https:\/\/www.messinaoggi.it\/website\/wp-json\/wp\/v2\/categories?post=217250"},{"taxonomy":"post_tag","embeddable":true,"href":"https:\/\/www.messinaoggi.it\/website\/wp-json\/wp\/v2\/tags?post=217250"}],"curies":[{"name":"wp","href":"https:\/\/api.w.org\/{rel}","templated":true}]}}