{"id":217244,"date":"2024-11-06T09:14:15","date_gmt":"2024-11-06T08:14:15","guid":{"rendered":"http:\/\/www.messinaoggi.it\/website\/?p=217244"},"modified":"2024-11-06T09:16:50","modified_gmt":"2024-11-06T08:16:50","slug":"parcheggio-santorsola-lavori-fermi","status":"publish","type":"post","link":"https:\/\/www.messinaoggi.it\/website\/2024\/11\/06\/parcheggio-santorsola-lavori-fermi\/","title":{"rendered":"Parcheggio Sant&#8217;Orsola, lavori fermi"},"content":{"rendered":"\n<p>Si \u00e8 tenuto un tavolo tecnico relativo ai lavori del realizzando parcheggio di interscambio di Sant&#8217;Orsola, alla presenza del vicesindaco Salvatore Mondello, del presidente della Commissione Viabilit\u00e0 Salvatore Papa, del consigliere comunale Dario Carbone, del presidente della V Municipalit\u00e0 Raffaele Verso e dal presidente della Commissione Viabilit\u00e0 della V Municipalit\u00e0 Magazz\u00f9, del progettista dell\u2019opera, dei tecnici comunali e della Polizia Municipale.<br>L\u2019incontro \u00e8 stato convocato dal Vicesindaco, per condividere la necessit\u00e0 di effettuare verifiche di natura tecnica, utili alla definizione della prosecuzione dei lavori; tale argomento sar\u00e0 discusso nella relativa Commissione consiliare il prossimo 11\u00a0dicembre,\u00a0alle ore 9.30. In tale sede, saranno definiti tutti i dettagli tecnici dell\u2019opera, che sar\u00e0 completata nel pi\u00f9 breve tempo possibile.<br>I presenti hanno convenuto che tale modalit\u00e0 operativa di condivisione rappresenta un concreto modus operandi che porta risultati concreti, in linea con le reali esigenze dei cittadini, in un clima di assoluta serenit\u00e0 e collaborazione istituzionale.<div id=\"div-gpt-ad-Messinaoggi.it-DSK-300x250-corpoart\" style=\"text-align:center;margin:0 auto;\"><\/div><\/p>\n<div id=\"videoincontent\" style=\"clear:both\";><\/div>","protected":false},"excerpt":{"rendered":"<p>Si \u00e8 tenuto un tavolo tecnico relativo ai lavori del realizzando parcheggio di interscambio di Sant&#8217;Orsola, alla presenza del vicesindaco Salvatore Mondello, del presidente della Commissione Viabilit\u00e0 Salvatore Papa, del consigliere comunale Dario Carbone, del presidente della V Municipalit\u00e0 Raffaele Verso e dal presidente della Commissione Viabilit\u00e0 della V Municipalit\u00e0 Magazz\u00f9, del progettista dell\u2019opera, dei [&hellip;]<\/p>\n","protected":false},"author":2,"featured_media":211700,"comment_status":"open","ping_status":"open","sticky":false,"template":"","format":"standard","meta":{"ub_ctt_via":"","_mi_skip_tracking":false},"categories":[6],"tags":[5081,1392],"featured_image_src":"https:\/\/www.messinaoggi.it\/website\/wp-content\/uploads\/2024\/09\/460356461_10229471410681420_5503373307007864939_n.jpg","author_info":{"display_name":"Redazione","author_link":"https:\/\/www.messinaoggi.it\/website\/author\/redazione\/"},"digistream_id":0,"digistream":false,"_links":{"self":[{"href":"https:\/\/www.messinaoggi.it\/website\/wp-json\/wp\/v2\/posts\/217244"}],"collection":[{"href":"https:\/\/www.messinaoggi.it\/website\/wp-json\/wp\/v2\/posts"}],"about":[{"href":"https:\/\/www.messinaoggi.it\/website\/wp-json\/wp\/v2\/types\/post"}],"author":[{"embeddable":true,"href":"https:\/\/www.messinaoggi.it\/website\/wp-json\/wp\/v2\/users\/2"}],"replies":[{"embeddable":true,"href":"https:\/\/www.messinaoggi.it\/website\/wp-json\/wp\/v2\/comments?post=217244"}],"version-history":[{"count":1,"href":"https:\/\/www.messinaoggi.it\/website\/wp-json\/wp\/v2\/posts\/217244\/revisions"}],"predecessor-version":[{"id":217245,"href":"https:\/\/www.messinaoggi.it\/website\/wp-json\/wp\/v2\/posts\/217244\/revisions\/217245"}],"wp:featuredmedia":[{"embeddable":true,"href":"https:\/\/www.messinaoggi.it\/website\/wp-json\/wp\/v2\/media\/211700"}],"wp:attachment":[{"href":"https:\/\/www.messinaoggi.it\/website\/wp-json\/wp\/v2\/media?parent=217244"}],"wp:term":[{"taxonomy":"category","embeddable":true,"href":"https:\/\/www.messinaoggi.it\/website\/wp-json\/wp\/v2\/categories?post=217244"},{"taxonomy":"post_tag","embeddable":true,"href":"https:\/\/www.messinaoggi.it\/website\/wp-json\/wp\/v2\/tags?post=217244"}],"curies":[{"name":"wp","href":"https:\/\/api.w.org\/{rel}","templated":true}]}}