{"id":217031,"date":"2024-11-04T14:42:50","date_gmt":"2024-11-04T13:42:50","guid":{"rendered":"http:\/\/www.messinaoggi.it\/website\/?p=217031"},"modified":"2024-11-04T14:42:51","modified_gmt":"2024-11-04T13:42:51","slug":"curro-lascia-in-arrivo-nuovo-assessore","status":"publish","type":"post","link":"https:\/\/www.messinaoggi.it\/website\/2024\/11\/04\/curro-lascia-in-arrivo-nuovo-assessore\/","title":{"rendered":"Curr\u00f2 lascia, in arrivo nuovo assessore"},"content":{"rendered":"\n<p>L&#8217;assessore alla pubblica istruzione <strong>Pietro Curr\u00f2<\/strong> lascer\u00e0 oggi la Giunta del sindaco <strong>Federico Basile<\/strong> e domani, in conferenza stampa, sar\u00e0 presentato il nuovo assessore. Di chi sia il nuovo incaricato nulla si sa. <div id=\"div-gpt-ad-Messinaoggi.it-DSK-300x250-corpoart\" style=\"text-align:center;margin:0 auto;\"><\/div><\/p>\n\n\n\n<p>La decisione rientra nei cambiamenti che l&#8217;amministrazione sta attraversando, tra dimissioni in Amam e Atm e nuove nomine, che stanno investendo anche la Giunta.<div id=\"videoincontent\" style=\"clear:both\";><\/div><\/p>\n\n\n\n<p><\/p>\n","protected":false},"excerpt":{"rendered":"<p>L&#8217;assessore alla pubblica istruzione Pietro Curr\u00f2 lascer\u00e0 oggi la Giunta del sindaco Federico Basile e domani, in conferenza stampa, sar\u00e0 presentato il nuovo assessore. Di chi sia il nuovo incaricato nulla si sa. La decisione rientra nei cambiamenti che l&#8217;amministrazione sta attraversando, tra dimissioni in Amam e Atm e nuove nomine, che stanno investendo anche [&hellip;]<\/p>\n","protected":false},"author":15,"featured_media":217038,"comment_status":"open","ping_status":"open","sticky":false,"template":"","format":"standard","meta":{"ub_ctt_via":"","_mi_skip_tracking":false},"categories":[4,6],"tags":[2972,2509,10751,8310],"featured_image_src":"https:\/\/www.messinaoggi.it\/website\/wp-content\/uploads\/2024\/11\/assessorepietrocurro.png","author_info":{"display_name":"red.me","author_link":"https:\/\/www.messinaoggi.it\/website\/author\/red-me\/"},"digistream_id":0,"digistream":false,"_links":{"self":[{"href":"https:\/\/www.messinaoggi.it\/website\/wp-json\/wp\/v2\/posts\/217031"}],"collection":[{"href":"https:\/\/www.messinaoggi.it\/website\/wp-json\/wp\/v2\/posts"}],"about":[{"href":"https:\/\/www.messinaoggi.it\/website\/wp-json\/wp\/v2\/types\/post"}],"author":[{"embeddable":true,"href":"https:\/\/www.messinaoggi.it\/website\/wp-json\/wp\/v2\/users\/15"}],"replies":[{"embeddable":true,"href":"https:\/\/www.messinaoggi.it\/website\/wp-json\/wp\/v2\/comments?post=217031"}],"version-history":[{"count":6,"href":"https:\/\/www.messinaoggi.it\/website\/wp-json\/wp\/v2\/posts\/217031\/revisions"}],"predecessor-version":[{"id":217037,"href":"https:\/\/www.messinaoggi.it\/website\/wp-json\/wp\/v2\/posts\/217031\/revisions\/217037"}],"wp:featuredmedia":[{"embeddable":true,"href":"https:\/\/www.messinaoggi.it\/website\/wp-json\/wp\/v2\/media\/217038"}],"wp:attachment":[{"href":"https:\/\/www.messinaoggi.it\/website\/wp-json\/wp\/v2\/media?parent=217031"}],"wp:term":[{"taxonomy":"category","embeddable":true,"href":"https:\/\/www.messinaoggi.it\/website\/wp-json\/wp\/v2\/categories?post=217031"},{"taxonomy":"post_tag","embeddable":true,"href":"https:\/\/www.messinaoggi.it\/website\/wp-json\/wp\/v2\/tags?post=217031"}],"curies":[{"name":"wp","href":"https:\/\/api.w.org\/{rel}","templated":true}]}}