{"id":21699,"date":"2018-07-09T16:26:13","date_gmt":"2018-07-09T14:26:13","guid":{"rendered":"http:\/\/www.messinaoggi.it\/website\/?p=21699"},"modified":"2018-07-09T16:26:13","modified_gmt":"2018-07-09T14:26:13","slug":"messina-servizi-a-tempo-determinato-e-rafforzamento-dellamam-da-dove-parte-la-rivoluzione-delle-partecipate","status":"publish","type":"post","link":"https:\/\/www.messinaoggi.it\/website\/2018\/07\/09\/messina-servizi-a-tempo-determinato-e-rafforzamento-dellamam-da-dove-parte-la-rivoluzione-delle-partecipate\/","title":{"rendered":"Messina Servizi a &quot;tempo determinato&quot; e rafforzamento dell&#039;Amam, da dove parte la rivoluzione delle partecipate"},"content":{"rendered":"<p style=\"text-align: justify\">Il primo piccolo passo verso il rinnovamento dei vertici delle societ\u00e0 partecipate avverr\u00e0 gi\u00e0 oggi, tutti i partecipanti potranno presentare il proprio curriculum: in ballo ci sono dieci posti, tre per ogni Consiglio d\u2019Amministrazione di Atm, Amam e Messina Servizi Bene Comune e la presidenza dell\u2019ente Teatro Vittorio Emanuele. \u00a0\u00a0Per partecipare al bando occorre essere cittadino europeo ed avere comprovata esperienza tecnica e amministrativa verso enti o aziende pubbliche e private.<div id=\"div-gpt-ad-Messinaoggi.it-DSK-300x250-corpoart\" style=\"text-align:center;margin:0 auto;\"><\/div><\/p>\n<p style=\"text-align: justify\">Inoltre tutti i candidati dovranno mettere a conoscenza dell\u2019amministrazione l\u2019eventuale appartenenza a gruppi sportivi, ad associazioni culturali, Onlus, cooperative sociali, a logge massoniche cos\u00ec come a qualsiasi forma di associazione pubblica non coperte dalla privacy. Queste condizioni dovranno essere riportate con una dichiarazione che dovr\u00e0 essere allegata al curriculum, via pec all\u2019indirizzo <a href=\"mailto:protocollo@pec.comune.messina.it\">protocollo@pec.comune.messina.it<\/a>. Dopo di che toccher\u00e0 all\u2019Ufficio di Gabinetto del Sindaco valutare i curriculum migliori, ma l\u2019ultima parola spetter\u00e0 comunque al primo cittadino che affider\u00e0 gli incarichi su base fiduciaria, come da prassi. Cateno De Luca non ha perso tempo, mettendo immediatamente nel mirino l\u2019establishment delle societ\u00e0 partecipate, disponendo la messa in liquidazione delle tre principali aziende.<div id=\"videoincontent\" style=\"clear:both\";><\/div><\/p>\n<p style=\"text-align: justify\">Intanto si faranno le pulci ai conti, previsti dei vertici con i relativi collegi dei revisori dei conti, a quel punto l\u2019amministrazione avr\u00e0 un\u2019idea molto pi\u00f9 chiara sulla gestione di questi anni. De Luca per\u00f2 ha dato degli indirizzi politici molto chiari, per quanto riguarda la Messina Servizi il futuro sar\u00e0 rappresentato dai privati, che gestiranno il servizio dopo l\u2019apposito bando. Ci dovranno essere dei passaggi tecnici e politici obbligatori, innanzitutto sotto l\u2019aspetto sindacale l\u2019amministrazione dovr\u00e0 dimostrare che non si perder\u00e0 un solo posto di lavoro, nonostante la societ\u00e0 privata possa denotare un esubero di personale.<\/p>\n<p style=\"text-align: justify\">La giunta punta ad un ricollocamento in altri servizi simili, ad esempio la pulizia dei cimiteri. Fermo restando che tutti questi step necessitano del via libera politico del Consiglio Comunale, ma l\u2019idea dell\u2019amministrazione \u00e8 quella di tenere in vita la Messina Servizi per un massimo di due anni, il tempo necessario per creare i presupposti per la nuova era nella gestione dei rifiuti. Dall\u2019altra parte esiste la volont\u00e0 di rafforzare l\u2019Amam, facendola diventare l\u2019azienda idrica dell\u2019intero territorio messinese, quindi anche dei centotto comuni della provincia. Un progetto ambizioso che lo stesso De Luca esporr\u00e0 il prossimo 20 luglio nella riunione dell\u2019Ati, l\u2019assemblea territoriale idrica, che se dovesse raccogliere consensi allora potrebbe diventare molto pi\u00f9 di una semplice suggestione.<\/p>\n","protected":false},"excerpt":{"rendered":"<p>Il primo piccolo passo verso il rinnovamento dei vertici delle societ\u00e0 partecipate avverr\u00e0 gi\u00e0 oggi, tutti i partecipanti potranno presentare il proprio curriculum: in ballo ci sono dieci posti, tre per ogni Consiglio d\u2019Amministrazione di Atm, Amam e Messina Servizi Bene Comune e la presidenza dell\u2019ente Teatro Vittorio Emanuele. \u00a0\u00a0Per partecipare al bando occorre essere [&hellip;]<\/p>\n","protected":false},"author":14,"featured_media":21190,"comment_status":"closed","ping_status":"open","sticky":false,"template":"","format":"standard","meta":{"ub_ctt_via":"","_mi_skip_tracking":false},"categories":[6],"tags":[],"featured_image_src":"https:\/\/www.messinaoggi.it\/website\/wp-content\/uploads\/2018\/06\/De-Luca-Giunta-durante-proclamazione-messinaoggiMarcyRuggi-1.jpg","author_info":{"display_name":"Antonio Macauda","author_link":"https:\/\/www.messinaoggi.it\/website\/author\/a-macauda\/"},"digistream_id":0,"digistream":false,"_links":{"self":[{"href":"https:\/\/www.messinaoggi.it\/website\/wp-json\/wp\/v2\/posts\/21699"}],"collection":[{"href":"https:\/\/www.messinaoggi.it\/website\/wp-json\/wp\/v2\/posts"}],"about":[{"href":"https:\/\/www.messinaoggi.it\/website\/wp-json\/wp\/v2\/types\/post"}],"author":[{"embeddable":true,"href":"https:\/\/www.messinaoggi.it\/website\/wp-json\/wp\/v2\/users\/14"}],"replies":[{"embeddable":true,"href":"https:\/\/www.messinaoggi.it\/website\/wp-json\/wp\/v2\/comments?post=21699"}],"version-history":[{"count":0,"href":"https:\/\/www.messinaoggi.it\/website\/wp-json\/wp\/v2\/posts\/21699\/revisions"}],"wp:featuredmedia":[{"embeddable":true,"href":"https:\/\/www.messinaoggi.it\/website\/wp-json\/wp\/v2\/media\/21190"}],"wp:attachment":[{"href":"https:\/\/www.messinaoggi.it\/website\/wp-json\/wp\/v2\/media?parent=21699"}],"wp:term":[{"taxonomy":"category","embeddable":true,"href":"https:\/\/www.messinaoggi.it\/website\/wp-json\/wp\/v2\/categories?post=21699"},{"taxonomy":"post_tag","embeddable":true,"href":"https:\/\/www.messinaoggi.it\/website\/wp-json\/wp\/v2\/tags?post=21699"}],"curies":[{"name":"wp","href":"https:\/\/api.w.org\/{rel}","templated":true}]}}