{"id":21698,"date":"2018-07-09T15:24:37","date_gmt":"2018-07-09T13:24:37","guid":{"rendered":"http:\/\/www.messinaoggi.it\/website\/?p=21698"},"modified":"2018-07-09T15:24:37","modified_gmt":"2018-07-09T13:24:37","slug":"acr-messina-sciotto-entusiasta-dopo-lincontro-con-de-luca-il-celeste-e-un-sogno-cozza-invenzioni","status":"publish","type":"post","link":"https:\/\/www.messinaoggi.it\/website\/2018\/07\/09\/acr-messina-sciotto-entusiasta-dopo-lincontro-con-de-luca-il-celeste-e-un-sogno-cozza-invenzioni\/","title":{"rendered":"Acr Messina, Sciotto entusiasta dopo l&#039;incontro con De Luca: &quot;Il Celeste \u00e8 un sogno. Cozza? invenzioni&quot;"},"content":{"rendered":"<p style=\"text-align: justify\">Giornata cruciale in casa Messina, perch\u00e9 finalmente Pietro Sciotto si \u00e8 confrontato a quattr\u2019occhi con il sindaco, Cateno De Luca, che ha dato delle precise disposizioni sulla gestione degli impianti. Il ritorno al Celeste \u00e8 sempre stata una prerogativa della nuova gestione, anche se la strada sar\u00e0 tutt\u2019altro che semplice, ma intanto si diradano anche le nubi circa l\u2019impegno del patron peloritano per l\u2019immediato futuro.<div id=\"div-gpt-ad-Messinaoggi.it-DSK-300x250-corpoart\" style=\"text-align:center;margin:0 auto;\"><\/div><\/p>\n<p style=\"text-align: justify\">Sciotto dopo l\u2019incontro con il sindaco non trattiene l\u2019entusiasmo: <em>\u201cSono contentissimo dell\u2019incontro con il sindaco, che vuole sposare il progetto<\/em><em>\u201cCeleste<\/em><strong><em>\u201d<\/em><\/strong><em>. L\u2019anno scorso ho lottato contro i mulini a vento, senza avere risposte dalla Commissione di Vigilanza. Se riusciremo a centrare il traguardo in tempi brevi, il pubblico impazzir\u00e0. Era il mio primo obiettivo da quando ho preso la societ\u00e0\u201d.<\/em> Il patron annuncia un Messina competitivo: <em>\u201cChiederemo anche il ripescaggio. In D chiaramente l\u2019obiettivo \u00e8 <\/em><strong><em>vincere<\/em><\/strong><em><strong>,<\/strong> non si pu\u00f2 fallire per due anni di fila. Non sarei andato avanti, allestiremo una squadra forte che possa lottare fino all\u2019ultimo per vincere. Ci penalizza avere fallito l\u2019obiettivo playoff, che avevo chiesto a dicembre a staff e squadra\u201d.<\/em><div id=\"videoincontent\" style=\"clear:both\";><\/div><\/p>\n<p style=\"text-align: justify\">La tifoseria per\u00f2 \u00e8 in agitazione, l&#8217;ipotesi Ciccio Cozza allenatore non piace per via dei trascorsi da capitano amaranto dell&#8217;ex tecnico della Sicula Leonzio, anche se sul tema Sciotto ha annunciato che di definito non c&#8217;\u00e8 assolutamente nulla: <em>Ho rispetto per i <\/em><em>tifosi<\/em><em> e li far\u00f2 ricredere. Non sar\u00e0 qualche centinaio di persone a fermarmi. In tutta la provincia ho ottenuto tanti riscontri positivi. Ho una <\/em><em>credibilit\u00e0<\/em><em> e sono rispettato in tutto il Sud Italia e anche all\u2019estero, grazie alle mie aziende. Il nome di Cozza \u00e8 un\u2019invenzione di social e stampa, per questo il Messina non va avanti. Stiamo trattando almeno cinque allenatori. Non c\u2019\u00e8 alcuna preferenza per nessuno. Il mio obiettivo ora \u00e8 prendere la fideiussione in banca, ritirare domani il nulla osta del campo e portare mercoled\u00ec l\u2019iscrizione a Roma. Poi avremo il nome. Non mi pronuncio prima, parler\u00f2 a cose fatte\u201d.<\/em><\/p>\n","protected":false},"excerpt":{"rendered":"<p>Giornata cruciale in casa Messina, perch\u00e9 finalmente Pietro Sciotto si \u00e8 confrontato a quattr\u2019occhi con il sindaco, Cateno De Luca, che ha dato delle precise disposizioni sulla gestione degli impianti. Il ritorno al Celeste \u00e8 sempre stata una prerogativa della nuova gestione, anche se la strada sar\u00e0 tutt\u2019altro che semplice, ma intanto si diradano anche [&hellip;]<\/p>\n","protected":false},"author":14,"featured_media":7523,"comment_status":"closed","ping_status":"open","sticky":false,"template":"","format":"standard","meta":{"ub_ctt_via":"","_mi_skip_tracking":false},"categories":[10,9],"tags":[],"featured_image_src":"https:\/\/www.messinaoggi.it\/website\/wp-content\/uploads\/2017\/09\/ok-N82A5753-2.jpg","author_info":{"display_name":"Antonio Macauda","author_link":"https:\/\/www.messinaoggi.it\/website\/author\/a-macauda\/"},"digistream_id":0,"digistream":false,"_links":{"self":[{"href":"https:\/\/www.messinaoggi.it\/website\/wp-json\/wp\/v2\/posts\/21698"}],"collection":[{"href":"https:\/\/www.messinaoggi.it\/website\/wp-json\/wp\/v2\/posts"}],"about":[{"href":"https:\/\/www.messinaoggi.it\/website\/wp-json\/wp\/v2\/types\/post"}],"author":[{"embeddable":true,"href":"https:\/\/www.messinaoggi.it\/website\/wp-json\/wp\/v2\/users\/14"}],"replies":[{"embeddable":true,"href":"https:\/\/www.messinaoggi.it\/website\/wp-json\/wp\/v2\/comments?post=21698"}],"version-history":[{"count":0,"href":"https:\/\/www.messinaoggi.it\/website\/wp-json\/wp\/v2\/posts\/21698\/revisions"}],"wp:featuredmedia":[{"embeddable":true,"href":"https:\/\/www.messinaoggi.it\/website\/wp-json\/wp\/v2\/media\/7523"}],"wp:attachment":[{"href":"https:\/\/www.messinaoggi.it\/website\/wp-json\/wp\/v2\/media?parent=21698"}],"wp:term":[{"taxonomy":"category","embeddable":true,"href":"https:\/\/www.messinaoggi.it\/website\/wp-json\/wp\/v2\/categories?post=21698"},{"taxonomy":"post_tag","embeddable":true,"href":"https:\/\/www.messinaoggi.it\/website\/wp-json\/wp\/v2\/tags?post=21698"}],"curies":[{"name":"wp","href":"https:\/\/api.w.org\/{rel}","templated":true}]}}