{"id":216937,"date":"2024-11-03T11:29:14","date_gmt":"2024-11-03T10:29:14","guid":{"rendered":"http:\/\/www.messinaoggi.it\/website\/?p=216937"},"modified":"2024-11-03T11:42:47","modified_gmt":"2024-11-03T10:42:47","slug":"azione-andrea-corica-nuovo-commissario-cittadino","status":"publish","type":"post","link":"https:\/\/www.messinaoggi.it\/website\/2024\/11\/03\/azione-andrea-corica-nuovo-commissario-cittadino\/","title":{"rendered":"Azione, Andrea Corica nuovo commissario cittadino"},"content":{"rendered":"\n<p>La segreteria provinciale di Azione ha reso noto che la Direzione Nazionale del partito ha nominato il vicesegretario provinciale <strong>Andrea Corica<\/strong>, commissario per la citt\u00e0 di Messina. <div id=\"div-gpt-ad-Messinaoggi.it-DSK-300x250-corpoart\" style=\"text-align:center;margin:0 auto;\"><\/div><\/p>\n\n\n\n<p>&#8220;Siamo felici per la nomina di Andrea Corica come commissario di Azione per la citt\u00e0 di Messina&#8221; &#8211; dichiara il segretario provinciale <strong>Andrea Ferrara<\/strong> &#8211; &#8220;Persona seria, preparata, che conosce e vive il territorio e che pu\u00f2 radicare ancora di pi\u00f9 il nostro partito in citt\u00e0. Il partito provinciale ha bisogno di questo tipo di energie per crescere e portare avanti le sue idee&#8221;.<div id=\"videoincontent\" style=\"clear:both\";><\/div><\/p>\n\n\n\n<p><br>Il neo Commissario cittadino Andrea Corica traccia qualche linea sull&#8217;indirizzo che prender\u00e0 il parito in citt\u00e0: &#8220;Azione a Messina si propone di diventare un riferimento per tutti coloro che ritengono che questa citt\u00e0 necessiti di una politica seria, comprensibile, pulita e onesta. Una politica senza padrini e senza padroni, distinta e lontana dagli eccessi verbali e comunicativi che tendono solo a confondere e spesso illudere i messinesi&#8221;.<\/p>\n","protected":false},"excerpt":{"rendered":"<p>La segreteria provinciale di Azione ha reso noto che la Direzione Nazionale del partito ha nominato il vicesegretario provinciale Andrea Corica, commissario per la citt\u00e0 di Messina. &#8220;Siamo felici per la nomina di Andrea Corica come commissario di Azione per la citt\u00e0 di Messina&#8221; &#8211; dichiara il segretario provinciale Andrea Ferrara &#8211; &#8220;Persona seria, preparata, [&hellip;]<\/p>\n","protected":false},"author":15,"featured_media":216941,"comment_status":"open","ping_status":"open","sticky":false,"template":"","format":"standard","meta":{"ub_ctt_via":"","_mi_skip_tracking":false},"categories":[4,6],"tags":[10745,10747,2323,6250],"featured_image_src":"https:\/\/www.messinaoggi.it\/website\/wp-content\/uploads\/2024\/11\/IMG-20241103-WA0017-e1730629861205.jpg","author_info":{"display_name":"red.me","author_link":"https:\/\/www.messinaoggi.it\/website\/author\/red-me\/"},"digistream_id":0,"digistream":false,"_links":{"self":[{"href":"https:\/\/www.messinaoggi.it\/website\/wp-json\/wp\/v2\/posts\/216937"}],"collection":[{"href":"https:\/\/www.messinaoggi.it\/website\/wp-json\/wp\/v2\/posts"}],"about":[{"href":"https:\/\/www.messinaoggi.it\/website\/wp-json\/wp\/v2\/types\/post"}],"author":[{"embeddable":true,"href":"https:\/\/www.messinaoggi.it\/website\/wp-json\/wp\/v2\/users\/15"}],"replies":[{"embeddable":true,"href":"https:\/\/www.messinaoggi.it\/website\/wp-json\/wp\/v2\/comments?post=216937"}],"version-history":[{"count":4,"href":"https:\/\/www.messinaoggi.it\/website\/wp-json\/wp\/v2\/posts\/216937\/revisions"}],"predecessor-version":[{"id":216943,"href":"https:\/\/www.messinaoggi.it\/website\/wp-json\/wp\/v2\/posts\/216937\/revisions\/216943"}],"wp:featuredmedia":[{"embeddable":true,"href":"https:\/\/www.messinaoggi.it\/website\/wp-json\/wp\/v2\/media\/216941"}],"wp:attachment":[{"href":"https:\/\/www.messinaoggi.it\/website\/wp-json\/wp\/v2\/media?parent=216937"}],"wp:term":[{"taxonomy":"category","embeddable":true,"href":"https:\/\/www.messinaoggi.it\/website\/wp-json\/wp\/v2\/categories?post=216937"},{"taxonomy":"post_tag","embeddable":true,"href":"https:\/\/www.messinaoggi.it\/website\/wp-json\/wp\/v2\/tags?post=216937"}],"curies":[{"name":"wp","href":"https:\/\/api.w.org\/{rel}","templated":true}]}}