{"id":216902,"date":"2024-11-02T14:05:42","date_gmt":"2024-11-02T13:05:42","guid":{"rendered":"https:\/\/www.messinaoggi.it\/website\/2024\/11\/02\/alluvione-valencia-sanchez-211-vittime-accertate-soccorsi-difficili\/"},"modified":"2024-11-02T14:05:42","modified_gmt":"2024-11-02T13:05:42","slug":"alluvione-valencia-sanchez-211-vittime-accertate-soccorsi-difficili","status":"publish","type":"post","link":"https:\/\/www.messinaoggi.it\/website\/2024\/11\/02\/alluvione-valencia-sanchez-211-vittime-accertate-soccorsi-difficili\/","title":{"rendered":"Alluvione Valencia, Sanchez \u201c211 vittime accertate, soccorsi difficili\u201d"},"content":{"rendered":"<div>MADRID (SPAGNA) (ITALPRESS) &#8211; &#8220;Sono 211 le vittime identificate&#8221; provocate dalla tempesta Dana che si \u00e8 abbattuta marted\u00ec a Valencia e nella provincia. A renderlo noto il premier spagnolo Pedro Sanchez facendo il punto sulla tragedia nel corso di un punto stampa a Palazzo della Moncloa, dove presiede il comitato di crisi per la devastazione. &#8220;La portata di questa catastrofe naturale non ci permette di arrivare ovunque: tante persone sono ancora disperse, alcuni comuni sono isolati &#8211; ha aggiunto -. Il lavoro di ricerca continuer\u00e0 per tutto il tempo che sar\u00e0 necessario, affinch\u00e8 tutti i cittadini vengano localizzati&#8221;. Sanchez ha poi annunciato &#8220;il pi\u00f9 ampio dispiego di forze armate nel nostro Paese dalla fine della guerra, che ha portato a 4.800 salvataggi e aiutato oltre 30mila persone nelle loro case, nelle loro zone. Nella provincia di Valencia &#8211; ha sottolineato &#8211; arriveranno altre 4mila unit\u00e0 aggiuntive, ed entro domattina altri 1000 militari: 5mila unit\u00e0 in pi\u00f9 nelle prossime ore. Arriveranno sale chirurgiche. Inoltre ho ordinato il dispiegamento di 5mila agenti di polizia e della guardia civile aggiuntivi, 10mila unit\u00e0 in tutto&#8221;.<br \/>\n&#8220;E voglio ripetere ai cittadini della Comunit\u00e0 valenciana che il Governo centrale \u00e8 pronto ad aiutare ancora, non c&#8217;\u00e8 che da chiedere. Non c&#8217;\u00e8 gerarchia delle priorit\u00e0, non devono venire a mancare i mezzi. Se la Comunit\u00e0 valenciana ha bisogno di pi\u00f9 mezzi e risorse li metteremo a disposizione&#8221;, ha concluso Sanchez.<div id=\"div-gpt-ad-Messinaoggi.it-DSK-300x250-corpoart\" style=\"text-align:center;margin:0 auto;\"><\/div><\/p>\n<p>&#8211; foto Ipa Agency &#8211;<br \/>\n(ITALPRESS).<div id=\"videoincontent\" style=\"clear:both\";><\/div><\/p><\/div>\n","protected":false},"excerpt":{"rendered":"<p>MADRID (SPAGNA) (ITALPRESS) &#8211; &#8220;Sono 211 le vittime identificate&#8221; provocate dalla tempesta Dana che si \u00e8 abbattuta marted\u00ec a Valencia e nella provincia. A renderlo noto il premier spagnolo Pedro Sanchez facendo il punto sulla tragedia nel corso di un punto stampa a Palazzo della Moncloa, dove presiede il comitato di crisi per la devastazione. [&hellip;]<\/p>\n","protected":false},"author":18,"featured_media":216903,"comment_status":"closed","ping_status":"closed","sticky":false,"template":"","format":"standard","meta":{"ub_ctt_via":"","_mi_skip_tracking":false},"categories":[446],"tags":[783],"featured_image_src":"https:\/\/www.messinaoggi.it\/website\/wp-content\/uploads\/2024\/11\/20241102_0507.jpg","author_info":{"display_name":"Admin","author_link":"https:\/\/www.messinaoggi.it\/website\/author\/admin\/"},"digistream_id":0,"digistream":false,"_links":{"self":[{"href":"https:\/\/www.messinaoggi.it\/website\/wp-json\/wp\/v2\/posts\/216902"}],"collection":[{"href":"https:\/\/www.messinaoggi.it\/website\/wp-json\/wp\/v2\/posts"}],"about":[{"href":"https:\/\/www.messinaoggi.it\/website\/wp-json\/wp\/v2\/types\/post"}],"author":[{"embeddable":true,"href":"https:\/\/www.messinaoggi.it\/website\/wp-json\/wp\/v2\/users\/18"}],"replies":[{"embeddable":true,"href":"https:\/\/www.messinaoggi.it\/website\/wp-json\/wp\/v2\/comments?post=216902"}],"version-history":[{"count":0,"href":"https:\/\/www.messinaoggi.it\/website\/wp-json\/wp\/v2\/posts\/216902\/revisions"}],"wp:featuredmedia":[{"embeddable":true,"href":"https:\/\/www.messinaoggi.it\/website\/wp-json\/wp\/v2\/media\/216903"}],"wp:attachment":[{"href":"https:\/\/www.messinaoggi.it\/website\/wp-json\/wp\/v2\/media?parent=216902"}],"wp:term":[{"taxonomy":"category","embeddable":true,"href":"https:\/\/www.messinaoggi.it\/website\/wp-json\/wp\/v2\/categories?post=216902"},{"taxonomy":"post_tag","embeddable":true,"href":"https:\/\/www.messinaoggi.it\/website\/wp-json\/wp\/v2\/tags?post=216902"}],"curies":[{"name":"wp","href":"https:\/\/api.w.org\/{rel}","templated":true}]}}