{"id":216872,"date":"2024-11-01T18:05:36","date_gmt":"2024-11-01T17:05:36","guid":{"rendered":"https:\/\/www.messinaoggi.it\/website\/2024\/11\/01\/conte-anasf-consulenti-finanziari-progettano-il-futuro\/"},"modified":"2024-11-01T18:05:36","modified_gmt":"2024-11-01T17:05:36","slug":"conte-anasf-consulenti-finanziari-progettano-il-futuro","status":"publish","type":"post","link":"https:\/\/www.messinaoggi.it\/website\/2024\/11\/01\/conte-anasf-consulenti-finanziari-progettano-il-futuro\/","title":{"rendered":"Conte (Anasf) \u201cConsulenti finanziari progettano il futuro\u201d"},"content":{"rendered":"<div>MILANO (ITALPRESS) &#8211; &#8220;La tutela dei cittadini rispetto ai temi dell&#8217;economia, dell&#8217;educazione finanziaria e dell&#8217;intelligenza artificiale&#8221;, per capire quanto incider\u00e0 l&#8217;innovazione &#8220;nella quotidianit\u00e0 del nostro del nostro Paese&#8221;. Questi alcuni dei temi al centro del prossimo congresso dell&#8217;Anasf, l&#8217;Associazione Nazionale dei Consulenti Finanziari. Ne ha parlato il presidente Luigi Conte, intervistato da Claudio Brachino per il magazine televisivo Italpress Economy.<br \/>L&#8217;Anasf si pone come obiettivo quello di affiancare cittadini e imprese per determinare le scelte finanziarie: &#8220;cerchiamo di fare da intermediari tra i cittadini, le imprese e il mondo della politica&#8221;, ha spiegato Conte. &#8220;Nel nostro lavoro, il dialogo e il confronto sono elementi fondamentali per poter illustrare le opportunit\u00e0 in termini di scelte consapevoli&#8221;. Per questo &#8220;siamo consapevoli dell&#8217;utilit\u00e0 del digitale, che ci consente di liberare tempo per la relazione&#8221;, ma per &#8220;far s\u00ec che certe scelte siano assunte nella piena consapevolezza&#8221;, \u00e8 importante &#8220;determinare il valore del tempo che ci consente di conoscerci, di comprenderci e di condividere&#8221;. Spesso la difficolt\u00e0 &#8220;\u00e8 scegliere tra i tanti futuri possibili: questo ci stimola a mantenere forte saldo il rapporto umano, perch\u00e8 attraverso l&#8217;emozione nasce il valore della fiducia. La scelta non pu\u00f2 essere un dato di sintesi quantitativa, deve essere necessariamente il frutto di un processo elaborato&#8221; che &#8220;si sostiene quando c&#8217;\u00e8 una comunicazione reale, concreta e intima&#8221;, ha sottolineato.<br \/>&#8220;Gli italiani ci chiedono di progettare insieme a loro il futuro e di comprendere come gestire il loro patrimonio, non soltanto quello attuale, ma anche quello che potenzialmente arriver\u00e0. La gestione del patrimonio poi non \u00e8 soltanto legata al denaro: ad esempio, gli immobili sono un&#8217;opportunit\u00e0, ma anche un grande rischio&#8221;. Senza contare che le situazioni evolvono nel corso del tempo. &#8220;Trent&#8217;anni fa, non c&#8217;era l&#8217;emergenza pensionistica, oggi un giovane ha bisogno di progettare correttamente questo aspetto. La complessit\u00e0 attuale risulta difficile da codificare, \u00e8 importante confrontarsi perch\u00e8 si possa eventualmente trovare una strada da tracciare e da perseguire&#8221;, con un &#8220;monitoraggio costante, perch\u00e8 le variabili aumentano&#8221; ed \u00e8 necessario &#8220;proporre delle soluzioni laterali che consentano di tenere la rotta&#8221;. Per questo \u00e8 importante l&#8217;educazione finanziaria. &#8220;Dal 2009 abbiamo un progetto dedicato agli studenti delle scuole superiori italiane, con al centro la finanza familiare e di impresa, cercando di mostrare ai giovani prospettive alternative che possano consentire loro di osservare il mondo con un occhio critico&#8221;, che accresca &#8220;in loro il desiderio di imparare e di essere consapevoli del fatto che un domani dovranno essere artefici del proprio futuro&#8221;.<div id=\"div-gpt-ad-Messinaoggi.it-DSK-300x250-corpoart\" style=\"text-align:center;margin:0 auto;\"><\/div><\/p>\n<p>&#8211; Foto Italpress &#8211; <div id=\"videoincontent\" style=\"clear:both\";><\/div><\/p>\n<p>(ITALPRESS).<\/p><\/div>\n","protected":false},"excerpt":{"rendered":"<p>MILANO (ITALPRESS) &#8211; &#8220;La tutela dei cittadini rispetto ai temi dell&#8217;economia, dell&#8217;educazione finanziaria e dell&#8217;intelligenza artificiale&#8221;, per capire quanto incider\u00e0 l&#8217;innovazione &#8220;nella quotidianit\u00e0 del nostro del nostro Paese&#8221;. Questi alcuni dei temi al centro del prossimo congresso dell&#8217;Anasf, l&#8217;Associazione Nazionale dei Consulenti Finanziari. Ne ha parlato il presidente Luigi Conte, intervistato da Claudio Brachino per [&hellip;]<\/p>\n","protected":false},"author":18,"featured_media":216873,"comment_status":"closed","ping_status":"closed","sticky":false,"template":"","format":"standard","meta":{"ub_ctt_via":"","_mi_skip_tracking":false},"categories":[446],"tags":[783],"featured_image_src":"https:\/\/www.messinaoggi.it\/website\/wp-content\/uploads\/2024\/11\/20241101_0482.jpg","author_info":{"display_name":"Admin","author_link":"https:\/\/www.messinaoggi.it\/website\/author\/admin\/"},"digistream_id":0,"digistream":false,"_links":{"self":[{"href":"https:\/\/www.messinaoggi.it\/website\/wp-json\/wp\/v2\/posts\/216872"}],"collection":[{"href":"https:\/\/www.messinaoggi.it\/website\/wp-json\/wp\/v2\/posts"}],"about":[{"href":"https:\/\/www.messinaoggi.it\/website\/wp-json\/wp\/v2\/types\/post"}],"author":[{"embeddable":true,"href":"https:\/\/www.messinaoggi.it\/website\/wp-json\/wp\/v2\/users\/18"}],"replies":[{"embeddable":true,"href":"https:\/\/www.messinaoggi.it\/website\/wp-json\/wp\/v2\/comments?post=216872"}],"version-history":[{"count":0,"href":"https:\/\/www.messinaoggi.it\/website\/wp-json\/wp\/v2\/posts\/216872\/revisions"}],"wp:featuredmedia":[{"embeddable":true,"href":"https:\/\/www.messinaoggi.it\/website\/wp-json\/wp\/v2\/media\/216873"}],"wp:attachment":[{"href":"https:\/\/www.messinaoggi.it\/website\/wp-json\/wp\/v2\/media?parent=216872"}],"wp:term":[{"taxonomy":"category","embeddable":true,"href":"https:\/\/www.messinaoggi.it\/website\/wp-json\/wp\/v2\/categories?post=216872"},{"taxonomy":"post_tag","embeddable":true,"href":"https:\/\/www.messinaoggi.it\/website\/wp-json\/wp\/v2\/tags?post=216872"}],"curies":[{"name":"wp","href":"https:\/\/api.w.org\/{rel}","templated":true}]}}