{"id":216853,"date":"2024-11-01T14:05:36","date_gmt":"2024-11-01T13:05:36","guid":{"rendered":"https:\/\/www.messinaoggi.it\/website\/2024\/11\/01\/motta-dobbiamo-fare-meglio-a-livello-collettivo\/"},"modified":"2024-11-01T14:05:36","modified_gmt":"2024-11-01T13:05:36","slug":"motta-dobbiamo-fare-meglio-a-livello-collettivo","status":"publish","type":"post","link":"https:\/\/www.messinaoggi.it\/website\/2024\/11\/01\/motta-dobbiamo-fare-meglio-a-livello-collettivo\/","title":{"rendered":"Motta \u201cDobbiamo fare meglio a livello collettivo\u201d"},"content":{"rendered":"<div>TORINO (ITALPRESS) &#8211; &#8220;Dobbiamo fare meglio a livello collettivo, compattarci ed essere aggressivi per lasciare meno spazio e tempo agli avversari sia per contrattaccare che per scegliere la migliore giocata. E questo si fa da squadra, per non permettere all&#8217;avversario di stare comodo in campo&#8221;. Lo ha detto il tecnico della Juventus, Thiago Motta, alla vigilia della sfida di campionato sul terreno dell&#8217;Udinese. &#8220;Vlahovic? Insieme agli altri deve fare meglio sia in fase offensiva che difensiva. Questa \u00e8 la cosa che conta di pi\u00f9, non quanti palloni si toccano &#8211; ha aggiunto il mister bianconero in conferenza stampa &#8211; Ad Udine dobbiamo andare convinti per fare risultato e scalare la classifica&#8221;. Per quanto riguarda la rosa a disposizione, Thiago Motta ha ammesso che &#8220;domani non ci saranno n\u00e8 Douglas Luiz n\u00e8 Nico Gonzalez. Vedremo per le prossime. Koopmainers? Sta migliorando. E&#8217; chiaro che non \u00e8 al suo massimo livello, \u00e8 stato fermo un p\u00f2 di tempo, per\u00f2 lavora bene e cerca sempre di aiutare la squadra. Per noi \u00e8 un giocatore importante e vedremo quanto potr\u00e0 giocare&#8221;. &#8220;Questo \u00e8 un momento in cui tutti dobbiamo dare qualcosa in pi\u00f9 &#8211; ha concluso l&#8217;ex mister di Spezia e Bologna &#8211; Dobbiamo essere concentrati solo sulla prossima partita, l&#8217;Udinese \u00e8 un&#8217;ottima squadra ed in casa ha perso solo contro l&#8217;Inter&#8221;.<br \/>&#8211; Foto Ipa Agency &#8211;<br \/>(ITALPRESS).<\/div>\n<div id=\"div-gpt-ad-Messinaoggi.it-DSK-300x250-corpoart\" style=\"text-align:center;margin:0 auto;\"><\/div><\/p><div id=\"videoincontent\" style=\"clear:both\";><\/div>","protected":false},"excerpt":{"rendered":"<p>TORINO (ITALPRESS) &#8211; &#8220;Dobbiamo fare meglio a livello collettivo, compattarci ed essere aggressivi per lasciare meno spazio e tempo agli avversari sia per contrattaccare che per scegliere la migliore giocata. E questo si fa da squadra, per non permettere all&#8217;avversario di stare comodo in campo&#8221;. Lo ha detto il tecnico della Juventus, Thiago Motta, alla [&hellip;]<\/p>\n","protected":false},"author":18,"featured_media":216854,"comment_status":"closed","ping_status":"closed","sticky":false,"template":"","format":"standard","meta":{"ub_ctt_via":"","_mi_skip_tracking":false},"categories":[446],"tags":[783],"featured_image_src":"https:\/\/www.messinaoggi.it\/website\/wp-content\/uploads\/2024\/11\/20241101_0207.jpg","author_info":{"display_name":"Admin","author_link":"https:\/\/www.messinaoggi.it\/website\/author\/admin\/"},"digistream_id":0,"digistream":false,"_links":{"self":[{"href":"https:\/\/www.messinaoggi.it\/website\/wp-json\/wp\/v2\/posts\/216853"}],"collection":[{"href":"https:\/\/www.messinaoggi.it\/website\/wp-json\/wp\/v2\/posts"}],"about":[{"href":"https:\/\/www.messinaoggi.it\/website\/wp-json\/wp\/v2\/types\/post"}],"author":[{"embeddable":true,"href":"https:\/\/www.messinaoggi.it\/website\/wp-json\/wp\/v2\/users\/18"}],"replies":[{"embeddable":true,"href":"https:\/\/www.messinaoggi.it\/website\/wp-json\/wp\/v2\/comments?post=216853"}],"version-history":[{"count":0,"href":"https:\/\/www.messinaoggi.it\/website\/wp-json\/wp\/v2\/posts\/216853\/revisions"}],"wp:featuredmedia":[{"embeddable":true,"href":"https:\/\/www.messinaoggi.it\/website\/wp-json\/wp\/v2\/media\/216854"}],"wp:attachment":[{"href":"https:\/\/www.messinaoggi.it\/website\/wp-json\/wp\/v2\/media?parent=216853"}],"wp:term":[{"taxonomy":"category","embeddable":true,"href":"https:\/\/www.messinaoggi.it\/website\/wp-json\/wp\/v2\/categories?post=216853"},{"taxonomy":"post_tag","embeddable":true,"href":"https:\/\/www.messinaoggi.it\/website\/wp-json\/wp\/v2\/tags?post=216853"}],"curies":[{"name":"wp","href":"https:\/\/api.w.org\/{rel}","templated":true}]}}